{"id":19398,"date":"2014-05-22T18:37:06","date_gmt":"2014-05-22T17:37:06","guid":{"rendered":"http:\/\/www.raccontinellarete.it\/?p=19398"},"modified":"2014-05-22T18:37:06","modified_gmt":"2014-05-22T17:37:06","slug":"premio-racconti-nella-rete-2014-ho-cercato-di-sopravvivere-di-daniele-manetti","status":"publish","type":"post","link":"https:\/\/www.raccontinellarete.it\/?p=19398","title":{"rendered":"Premio Racconti nella Rete 2014 &#8220;Ho cercato di sopravvivere&#8221; di Daniele Manetti"},"content":{"rendered":"<p><b>Ho cercato di sopravvivere <\/b><\/p>\n<p><b>La storia di un lavoratore come tanti, vissuta in prima persona da Daniele Manetti, che dalla dolorosa esperienza della malattia professionale ha tratto la convinzione di non poter delegare le scelte che riguardano la salute sul lavoro.<\/b><\/p>\n<p>Ho iniziato a lavorare in una fabbrica di \u201c TRENI\u201d \u00a0nel 1972 come tecnico addetto alla verniciatura dei rotabili e agli impianti di verniciatura. Nel reparto c\u2019erano giovani verniciatori, quasi tutti assunti da poco. Gli ultimi arrivati come me erano destinati ai lavori peggiori e a quei tempi nessuno voleva fare il verniciatore. Cos\u00ec inizialmente mi misero a fare un po\u2019 di praticantato e poi, una volta imparato il mestiere, mi assegnarono alla verniciatura. L\u00ec ci sono stato per 10 anni fino al 1982, quando ormai ero intossicato dai prodotti di verniciatura e coibentazione. In seguito, non potendo rimanere pi\u00f9 a lungo nei reparti di verniciatura a causa della mia malattia professionale, sono stato adibito a svolgere varie funzioni come tecnico ambientale. Tra queste la gestione del depuratore delle acque nere, industriali e potabili , il controllo di tutte le tipologie di rifiuto prodotte dallo stabilimento, il controllo delle emissioni in atmosfera e la gestione dei prodotti chimici usati in produzione. Ero un tecnico, non un operaio, ma come gli altri lavoravo esposto agli inquinanti presenti nell\u2019aria dei reparti di produzione. All\u2019epoca nessuno faceva caso alla polvere, al rumore, si stava solo attenti a non farsi male e soltanto poco alla volta tra i lavoratori, con l\u2019azione dei sindacati e delle associazioni, si iniziava a parlare e prendere coscienza del rischio a cui si andava incontro ogni giorno. Nessuno parlava dell\u2019amianto e di quello che avrebbe potuto causare. Cos\u00ec non prendevamo nessuna precauzione fino a che negli anni \u201990 scoprimmo che si trattava di una sostanza cos\u00ec pericolosa da doverla vietare. Oltre al danno anche la beffa: la nostra esposizione per tutti quegli anni veniva negata per impedirci di ottenere i vantaggi che la legge riconosceva a chi aveva svolto quei lavori pericolosi. I riconoscimenti dell\u2019esposizione all\u2019amianto arrivarono dopo dure lotte all\u2019interno dello stabilimento e dopo i risultati degli accertamenti effettuati presso la Medicina del Lavoro di Siena su centinaia di lavoratori che confermavano nella maggioranza dei casi la presenza di fibre di amianto nel polmoni. Ricordo che allora la Commissione Amianto dello stabilimento sosteneva senza ombra di dubbio che l\u2019inquinamento ambientale all\u2019interno dell\u2019azienda era diffuso dappertutto e che quindi i benefici pensionistici che derivavano dall\u2019essere stati esposti dovevano essere concessi in via generale a tutti i lavoratori, ma ci sono voluti anni di lotte operaie perch\u00e9 ci\u00f2 avvenisse.<\/p>\n<p>Intanto gli effetti sulla salute iniziavano a farsi sentire sotto forma di stanchezza, sudore e fiato corto. Quando andavi dai medici nessuno parlava di amianto e non ce ne era uno che attribuisse quei disturbi al lavoro. A dire il vero in molti casi sembrava che proprio non lo conoscessero l\u2019amianto. Di quel prodotto che era stato cos\u00ec apprezzato per i guadagni che consentiva di fare adesso non se ne parlava pi\u00f9, come se il problema fosse stato risolto per sempre. Per\u00f2 si sapeva che tra i compagni pi\u00f9 vecchi c\u2019era chi stava male e qualcuno era anche morto.<\/p>\n<p>Nell\u2019estate del 1999, prima solo per passaparola e poi anche attraverso il sindacato, mi arriv\u00f2 la voce di un centro di Siena che si occupava delle malattie da lavoro. Era diretto da un professore famoso venuto da Milano anni prima e alcuni amici me lo consigliavano. Per loro in quel centro la salute e la prevenzione diventavano qualcosa gestita non solamente dai medici, ma che vedeva il lavoratore come parte attiva nella ricerca, tutela e prevenzione delle malattie professionali. E in diversi casi alla fine erano state riconosciute malattie da asbesto! Facevano anche un esame particolare per vedere quanto amianto era penetrato nei polmoni, che a dire il vero fuori di l\u00ec non consigliava nessuno, perch\u00e9 era necessaria la broncoscopia considerata troppo invasiva.<\/p>\n<p>Io per\u00f2 sentivo di dover fare qualcosa per la mia salute, senza aspettare che arrivassero le conseguenze di tutti quegli anni di lavoro come era successo ad altri. Perci\u00f2 con qualche dubbio chiesi al mio medico di inviarmi a quello che allora era l\u2019Istituto di Medicina del Lavoro di Siena. Devo dire che all\u2019inizio rimasi perplesso perch\u00e9 il reparto si trovava in un vecchio ospedale fuori dalle mura di Siena, quasi in campagna. Era un ex sanatorio costruito negli anni \u201930 con l\u2019architettura caratteristica del ventennio e francamente sembrava che dopo di allora non fosse stato fatto pi\u00f9 nulla. Poi per\u00f2 mi resi conto che quel posto era effettivamente diverso dalle altre cliniche. In corsia trovavi medici giovani, ma gi\u00e0 esperti, insomma non dei \u201cdottorini\u201d. Quello che pi\u00f9 conta \u00e8 che focalizzavano il loro interesse sulle condizioni della fabbrica, i materiali impiegati, i mezzi di protezione, in una parola sul lavoro. Non erano per nulla sfuggenti e sembravano davvero voler comprendere se le esposizioni che avevamo subito avessero causato delle malattie professionali o potessero essere pericolose in futuro. Spiegavano che l\u2019amianto non provoca solo tumori, ma altre malattie dei polmoni meno gravi, ma comunque invalidanti e devastanti. A met\u00e0 settimana passava in visita il Professore. Metteva soggezione anche ai medici, ma poi era disponibile con tutti. Si soffermava su ogni singolo caso dimostrando sempre grande competenza e infondendo sicurezza a noi lavoratori che per esperienza siamo sempre diffidenti. Con l\u2019esperienza ho poi imparato che tante strutture pubbliche che costituiscono delle eccellenze nel loro campo sono alloggiate in edifici un po\u2019 fatiscenti, mentre non raramente dietro ambienti tutti lusso e specchi si nasconde tanta mediocrit\u00e0.<\/p>\n<p>Il famoso esame invasivo era il broncolavaggio alveolare da cui si ricava dal polmone il liquido nel quale misurare la concentrazione delle fibre. Serve nei casi, peraltro molto frequenti, in cui mancando le analisi sull\u2019inquinamento all\u2019interno della fabbrica, risulta difficile stabilire il livello di esposizione dei lavoratori. In definitiva non era indispensabile e nessuno ti forzava a farlo, ma permetteva di stabilire se nel singolo caso era necessario continuare gli accertamenti nel tempo e con quale frequenza.<\/p>\n<p>In seguito ho scoperto che a Siena di accertamenti particolari per la diagnosi delle malattie professionali ne impiegano diversi. Ad esempio per i pazienti asmatici, per stabilire se la malattia derivava dal lavoro o meno, viene utilizzata una cabina chiusa nella quale il lavoratore \u00e8 esposto ai prodotti presenti nel ciclo produttivo: se \u00e8 allergico a queste sostanze si scatena la crisi asmatica e il test \u00e8 positivo. Cos\u00ec anche in questo caso c\u2019\u00e8 chi sconsiglia questa prova perch\u00e9 pericolosa. Insomma a detta loro avere una crisi d\u2019asma in ospedale in presenza dei medici pronti ad intervenire \u00e8 pericoloso, mentre averle tutti i giorni in fabbrica \u00e8 normale!<\/p>\n<p>Negli anni mi sono accorto che nel campo della Medicina del Lavoro esiste una certa cultura del \u201cnon fare\u201d, naturalmente giustificata dal sommo interesse costituito dalla salute dei lavoratori. Con questo atteggiamento tra esami invasivi, test rischiosi e indagini radiologiche che espongono a radiazioni, per preservare i poveri lavoratori non si dovrebbe mai far niente. Cos\u00ec le malattie professionali scompaiono nel nulla. Quando poi le malattie si presentano in modo acuto allora, magari anche un po\u2019 per medicina difensiva, non si esita a prescrivere TAC ogni tre mesi e ogni altro tipo di accertamento.<\/p>\n<p>Nel corso della mia esperienza di paziente alla Medicina del Lavoro di Siena e di strenuo difensore di quella struttura , dallo scambio di opinioni con i medici e con i lavoratori che venivano l\u00ec da tutta Italia, in particolare dal sud, non trovando altrove le risposte di cui avevano bisogno, ho tratto alcuni insegnamenti. Innanzi tutto la tutela della salute non \u00e8 delegabile e devono essere i lavoratori stessi a prenderne coscienza. Ci\u00f2 significa anche informare i colleghi sulle vie da seguire e fornire loro i riferimenti necessari con i mezzi di comunicazione di cui oggi disponiamo. In questo senso la realizzazione di banche dati e l\u2019uso dei social network crea possibilit\u00e0 fino a poco tempo fa inimmaginabili.<\/p>\n<p>Nel nostro Paese esistono dei centri dove \u00e8 possibile rivolgersi in caso di sospetta malattia professionale o anche solo per controlli quando si sia stati esposti a attivit\u00e0 pericolose. Anche oggi che gli scambi tra i Sistemi Sanitari delle diverse Regioni per motivi economici appaiono sempre pi\u00f9 difficili, l\u2019accesso a questi centri deve essere possibile per tutti i cittadini quale che sia la loro residenza. Spetta ai lavoratori e alle associazioni che li rappresentano \u00a0intervenire nel caso in cui, a causa dei continui tagli alla Sanit\u00e0, venga prospettato un loro drastico ridimensionamento o peggio la loro chiusura. Dal 2001\u00a0 mi batto, insieme a tanti altri, compagni , per l\u2019implementazione e la valorizzazione della Medicina del Lavoro di Siena, coinvolgendo il Consiglio Regionale e la Giunta Regionale Toscana. Questa battaglia deve continuare ancora oggi in un clima di trasparenza e partecipazione con tutte le forze politiche, non permettendo di smantellare un po\u2019 alla volta una struttura cos\u00ec utile a tutti quei lavoratori che hanno vissuto ogni giorno a contatto con rischi per la salute durante tutta la loro vita professionale.<\/p>\n<p>Mio padre \u00e8 morto a causa di una malattia polmonare. Era malato di asbestosi, riconosciuta dall\u2019INAIL come malattia professionale. Dice qualcuno che l\u2019asbestosi \u00e8 una malattia che ti leva la vita un piccolo pezzettino al giorno, facendoti sprofondare piano piano nell\u2019inferno. Prima una lieve mancanza di respiro, poi sempre peggio fino alla bombola di ossigeno e poi fino alla fine&#8230;<\/p>\n<p>Mia madre non era fumatrice. E\u2019 morta molto giovane nel 1975 per cancro polmonare. Ai suoi tempi non si sapeva nulla dell\u2019amianto e lei lavava le tute e gli indumenti di mio padre quando tornava dal lavoro.<\/p>\n<p>Adesso che a causa dell\u2019esposizione a prodotti tossici e all\u2019amianto ho una malattia professionale, ogni sei mesi sono obbligato a sottopormi a controlli. E ogni tanto ritorno alla Medicina del Lavoro di Siena: se non ci fossero stati loro&#8230;.chiss\u00e0? Ormai da una decina di anni, nella mia associazione , mi occupo di malattie professionali con continui contatti con la Medicina del Lavoro di Siena. All\u2019interno \u00a0abbiamo anche costituito un\u2019apposita commissione tecnica per la prevenzione, la salute e la sicurezza dei lavoratori e dei pensionati sia italiani che extracomunitari. Penso che sia questo quello che si deve fare: mettere gli insegnamenti derivati dalla propria esperienza a disposizione di tutti. Solo in questo senso una vicenda sfortunata come la malattia professionale pu\u00f2 almeno diventare utile ai compagni di lavoro. Solo in questo modo tutti i professionisti della prevenzione dovranno tener conto dell\u2019esperienza e della volont\u00e0 delle popolazioni lavorative nel prendere decisioni che invece ancora oggi troppo spesso passano sopra le nostre teste.<\/p>\n<p>&nbsp;<\/p>\n<p>&nbsp;<\/p>\n<div class=\"pvc_clear\"><\/div>\n<p id=\"pvc_stats_19398\" class=\"pvc_stats all  \" data-element-id=\"19398\" style=\"\"><i class=\"pvc-stats-icon medium\" aria-hidden=\"true\"><svg aria-hidden=\"true\" focusable=\"false\" data-prefix=\"far\" data-icon=\"chart-bar\" role=\"img\" xmlns=\"http:\/\/www.w3.org\/2000\/svg\" viewBox=\"0 0 512 512\" class=\"svg-inline--fa fa-chart-bar fa-w-16 fa-2x\"><path fill=\"currentColor\" d=\"M396.8 352h22.4c6.4 0 12.8-6.4 12.8-12.8V108.8c0-6.4-6.4-12.8-12.8-12.8h-22.4c-6.4 0-12.8 6.4-12.8 12.8v230.4c0 6.4 6.4 12.8 12.8 12.8zm-192 0h22.4c6.4 0 12.8-6.4 12.8-12.8V140.8c0-6.4-6.4-12.8-12.8-12.8h-22.4c-6.4 0-12.8 6.4-12.8 12.8v198.4c0 6.4 6.4 12.8 12.8 12.8zm96 0h22.4c6.4 0 12.8-6.4 12.8-12.8V204.8c0-6.4-6.4-12.8-12.8-12.8h-22.4c-6.4 0-12.8 6.4-12.8 12.8v134.4c0 6.4 6.4 12.8 12.8 12.8zM496 400H48V80c0-8.84-7.16-16-16-16H16C7.16 64 0 71.16 0 80v336c0 17.67 14.33 32 32 32h464c8.84 0 16-7.16 16-16v-16c0-8.84-7.16-16-16-16zm-387.2-48h22.4c6.4 0 12.8-6.4 12.8-12.8v-70.4c0-6.4-6.4-12.8-12.8-12.8h-22.4c-6.4 0-12.8 6.4-12.8 12.8v70.4c0 6.4 6.4 12.8 12.8 12.8z\" class=\"\"><\/path><\/svg><\/i> <img loading=\"lazy\" decoding=\"async\" width=\"16\" height=\"16\" alt=\"Loading\" src=\"https:\/\/www.raccontinellarete.it\/301\/wp-content\/plugins\/page-views-count\/ajax-loader-2x.gif\" border=0 \/><\/p>\n<div class=\"pvc_clear\"><\/div>\n","protected":false},"excerpt":{"rendered":"<p>Ho cercato di sopravvivere La storia di un lavoratore come tanti, vissuta in prima persona da Daniele Manetti, che dalla dolorosa esperienza della malattia professionale ha tratto la convinzione di non poter delegare le scelte che riguardano la salute sul lavoro. Ho iniziato a lavorare in una fabbrica di \u201c TRENI\u201d \u00a0nel 1972 come tecnico [&hellip;]<\/p>\n<div class=\"pvc_clear\"><\/div>\n<p id=\"pvc_stats_19398\" class=\"pvc_stats all  \" data-element-id=\"19398\" style=\"\"><i class=\"pvc-stats-icon medium\" aria-hidden=\"true\"><svg aria-hidden=\"true\" focusable=\"false\" data-prefix=\"far\" data-icon=\"chart-bar\" role=\"img\" xmlns=\"http:\/\/www.w3.org\/2000\/svg\" viewBox=\"0 0 512 512\" class=\"svg-inline--fa fa-chart-bar fa-w-16 fa-2x\"><path fill=\"currentColor\" d=\"M396.8 352h22.4c6.4 0 12.8-6.4 12.8-12.8V108.8c0-6.4-6.4-12.8-12.8-12.8h-22.4c-6.4 0-12.8 6.4-12.8 12.8v230.4c0 6.4 6.4 12.8 12.8 12.8zm-192 0h22.4c6.4 0 12.8-6.4 12.8-12.8V140.8c0-6.4-6.4-12.8-12.8-12.8h-22.4c-6.4 0-12.8 6.4-12.8 12.8v198.4c0 6.4 6.4 12.8 12.8 12.8zm96 0h22.4c6.4 0 12.8-6.4 12.8-12.8V204.8c0-6.4-6.4-12.8-12.8-12.8h-22.4c-6.4 0-12.8 6.4-12.8 12.8v134.4c0 6.4 6.4 12.8 12.8 12.8zM496 400H48V80c0-8.84-7.16-16-16-16H16C7.16 64 0 71.16 0 80v336c0 17.67 14.33 32 32 32h464c8.84 0 16-7.16 16-16v-16c0-8.84-7.16-16-16-16zm-387.2-48h22.4c6.4 0 12.8-6.4 12.8-12.8v-70.4c0-6.4-6.4-12.8-12.8-12.8h-22.4c-6.4 0-12.8 6.4-12.8 12.8v70.4c0 6.4 6.4 12.8 12.8 12.8z\" class=\"\"><\/path><\/svg><\/i> <img loading=\"lazy\" decoding=\"async\" width=\"16\" height=\"16\" alt=\"Loading\" src=\"https:\/\/www.raccontinellarete.it\/301\/wp-content\/plugins\/page-views-count\/ajax-loader-2x.gif\" border=0 \/><\/p>\n<div class=\"pvc_clear\"><\/div>\n","protected":false},"author":3591,"featured_media":0,"comment_status":"open","ping_status":"closed","sticky":false,"template":"","format":"standard","meta":{"footnotes":""},"categories":[147],"tags":[],"class_list":["post-19398","post","type-post","status-publish","format-standard","hentry","category-premio-racconti-nella-rete-2014"],"_links":{"self":[{"href":"https:\/\/www.raccontinellarete.it\/index.php?rest_route=\/wp\/v2\/posts\/19398"}],"collection":[{"href":"https:\/\/www.raccontinellarete.it\/index.php?rest_route=\/wp\/v2\/posts"}],"about":[{"href":"https:\/\/www.raccontinellarete.it\/index.php?rest_route=\/wp\/v2\/types\/post"}],"author":[{"embeddable":true,"href":"https:\/\/www.raccontinellarete.it\/index.php?rest_route=\/wp\/v2\/users\/3591"}],"replies":[{"embeddable":true,"href":"https:\/\/www.raccontinellarete.it\/index.php?rest_route=%2Fwp%2Fv2%2Fcomments&post=19398"}],"version-history":[{"count":1,"href":"https:\/\/www.raccontinellarete.it\/index.php?rest_route=\/wp\/v2\/posts\/19398\/revisions"}],"predecessor-version":[{"id":19482,"href":"https:\/\/www.raccontinellarete.it\/index.php?rest_route=\/wp\/v2\/posts\/19398\/revisions\/19482"}],"wp:attachment":[{"href":"https:\/\/www.raccontinellarete.it\/index.php?rest_route=%2Fwp%2Fv2%2Fmedia&parent=19398"}],"wp:term":[{"taxonomy":"category","embeddable":true,"href":"https:\/\/www.raccontinellarete.it\/index.php?rest_route=%2Fwp%2Fv2%2Fcategories&post=19398"},{"taxonomy":"post_tag","embeddable":true,"href":"https:\/\/www.raccontinellarete.it\/index.php?rest_route=%2Fwp%2Fv2%2Ftags&post=19398"}],"curies":[{"name":"wp","href":"https:\/\/api.w.org\/{rel}","templated":true}]}}