{"id":19331,"date":"2014-05-22T22:13:41","date_gmt":"2014-05-22T21:13:41","guid":{"rendered":"http:\/\/www.raccontinellarete.it\/?p=19331"},"modified":"2014-05-22T22:13:41","modified_gmt":"2014-05-22T21:13:41","slug":"premio-racconti-per-corti-2014-vite-da-canc-e-l-lare-di-catia-mugnani","status":"publish","type":"post","link":"https:\/\/www.raccontinellarete.it\/?p=19331","title":{"rendered":"Premio Racconti per corti 2014 &#8220;Vite da canC.E.L.lare &#8221; di Catia Mugnani"},"content":{"rendered":"<p>I parte<\/p>\n<p>\u00c8 seduto goffamente sui suoi 58 anni. \u00c8 felice, anche se le pareti gli premono addosso. La stanza \u00e8 angusta, quasi buia, odora di sudore, di paura e di cane. Eppure \u00e8 felice, ce l\u2019ha quasi fatta, ha sciorinato uno dopo l\u2019altro 999 nomi e cognomi, li ha ricordati tutti, ne manca solo uno.\u00a0 Uno. La sua espressione cambia. Il viso si fa pallido. Il sorriso lascia il posto a una smorfia. Ha la testa vuota. \u00c8 panico. Non si ricorda, proprio non se lo ricorda il nome del millesimo garibaldino. Alza lo sguardo, scruta la commissione. Un po\u2019 di solidariet\u00e0: dopo tutto ne ha gi\u00e0 detti 999\u2026 Dall\u2019altra parte della scrivania, due uomini e una donna, impassibili, arcigni, stizziti e spazientiti. Irremovibili, negano ogni indulgenza. Erano mille, lo sanno tutti.\u00a0I secondi passano, la donna stringe a s\u00e9 un cagnolino che coccola fra le braccia, le sue labbra si atteggiano a ghigno di soddisfazione crescente nel pronunciare la frase: \u201cNiente da fare. Lei \u00e8 bocciato!\u201d\u00a0Fuori dell\u2019aula, un cartello appeso alla porta avvisa che \u00e8 in corso una selezione per Collaboratori Esperti Linguistici di italiano, per un contratto di insegnamento a studenti stranieri di 2 settimane. La porta si apre, il candidato esce lentamente, curvo sulle spalle, affranto. Dalla stanza, un richiamo stridulo gli intima di far presto a chiudere la porta che altrimenti esce il cane. Certo. Chiede umilmente scusa. Chiude la porta.\u00a0Mentre si avvia verso l\u2019uscita, sfiora gruppetti di insegnanti e sente i loro discorsi, condivisi per anni, \u00a0che a un tratto gli sembrano assurdi. \u201cRagazzi! Ho spiattellato alla commissione tutta la genealogia di Qui, Quo, Qua\u201d. \u201cHo speso 3500 Euro per un master in comprensione degli alfabeti futuri e ancora non lavoro\u201d. \u201cE io? Ho partecipato a un concorso per andare a insegnare sulla luna, ma sicuramente non mi prendono, visto che non ho i tre anni di esperienza richiesta\u2026 \u201c<\/p>\n<p>II parte<\/p>\n<p>Al cimitero, due giovani donne leggono commosse l\u2019epitaffio di una lapide: \u201cStroncato dal dolore per non avere ricordato il nome del millesimo garibaldino durante il colloquio del suo 94mo concorso\u201d. Le due donne si guardano ed esternano il proprio dolore per la scomparsa del collega. \u201cChe razza di domanda!\u201d \u201cMa chi era poi questo millesimo garibaldino? Guarda un po\u2019 su internet, magari ce lo chiedono\u2026\u201d Velocemente l\u2019amica digita sul cellulare\u00a0 la richiesta. \u201cEccolo! Ma\u2026 Incredibile\u201d Leggono, si guardano e all\u2019unisono esclamano: \u201cE N R I C O\u00a0\u00a0\u00a0 Z U Z Z I!!!!!\u201dPoi, scosse dall\u2019agitazione, scappano via. A ripassare l\u2019elenco completo delle fobie dei linguisti DE-generativisti del \u2018900\u2026<\/p>\n<p>Sullo sfondo, la lapide si mostra intera:<\/p>\n<p style=\"text-align: center;\">\u00a0Enrico Zuzzi<\/p>\n<p style=\"text-align: center;\">15. 03. 1956\u00a0\u00a0 &#8211;\u00a0\u00a0 28. 02. 2014<\/p>\n<div class=\"pvc_clear\"><\/div>\n<p id=\"pvc_stats_19331\" class=\"pvc_stats all  \" data-element-id=\"19331\" style=\"\"><i class=\"pvc-stats-icon medium\" aria-hidden=\"true\"><svg aria-hidden=\"true\" focusable=\"false\" data-prefix=\"far\" data-icon=\"chart-bar\" role=\"img\" xmlns=\"http:\/\/www.w3.org\/2000\/svg\" viewBox=\"0 0 512 512\" class=\"svg-inline--fa fa-chart-bar fa-w-16 fa-2x\"><path fill=\"currentColor\" d=\"M396.8 352h22.4c6.4 0 12.8-6.4 12.8-12.8V108.8c0-6.4-6.4-12.8-12.8-12.8h-22.4c-6.4 0-12.8 6.4-12.8 12.8v230.4c0 6.4 6.4 12.8 12.8 12.8zm-192 0h22.4c6.4 0 12.8-6.4 12.8-12.8V140.8c0-6.4-6.4-12.8-12.8-12.8h-22.4c-6.4 0-12.8 6.4-12.8 12.8v198.4c0 6.4 6.4 12.8 12.8 12.8zm96 0h22.4c6.4 0 12.8-6.4 12.8-12.8V204.8c0-6.4-6.4-12.8-12.8-12.8h-22.4c-6.4 0-12.8 6.4-12.8 12.8v134.4c0 6.4 6.4 12.8 12.8 12.8zM496 400H48V80c0-8.84-7.16-16-16-16H16C7.16 64 0 71.16 0 80v336c0 17.67 14.33 32 32 32h464c8.84 0 16-7.16 16-16v-16c0-8.84-7.16-16-16-16zm-387.2-48h22.4c6.4 0 12.8-6.4 12.8-12.8v-70.4c0-6.4-6.4-12.8-12.8-12.8h-22.4c-6.4 0-12.8 6.4-12.8 12.8v70.4c0 6.4 6.4 12.8 12.8 12.8z\" class=\"\"><\/path><\/svg><\/i> <img loading=\"lazy\" decoding=\"async\" width=\"16\" height=\"16\" alt=\"Loading\" src=\"https:\/\/www.raccontinellarete.it\/301\/wp-content\/plugins\/page-views-count\/ajax-loader-2x.gif\" border=0 \/><\/p>\n<div class=\"pvc_clear\"><\/div>\n","protected":false},"excerpt":{"rendered":"<p>I parte \u00c8 seduto goffamente sui suoi 58 anni. \u00c8 felice, anche se le pareti gli premono addosso. La stanza \u00e8 angusta, quasi buia, odora di sudore, di paura e di cane. Eppure \u00e8 felice, ce l\u2019ha quasi fatta, ha sciorinato uno dopo l\u2019altro 999 nomi e cognomi, li ha ricordati tutti, ne manca solo [&hellip;]<\/p>\n<div class=\"pvc_clear\"><\/div>\n<p id=\"pvc_stats_19331\" class=\"pvc_stats all  \" data-element-id=\"19331\" style=\"\"><i class=\"pvc-stats-icon medium\" aria-hidden=\"true\"><svg aria-hidden=\"true\" focusable=\"false\" data-prefix=\"far\" data-icon=\"chart-bar\" role=\"img\" xmlns=\"http:\/\/www.w3.org\/2000\/svg\" viewBox=\"0 0 512 512\" class=\"svg-inline--fa fa-chart-bar fa-w-16 fa-2x\"><path fill=\"currentColor\" d=\"M396.8 352h22.4c6.4 0 12.8-6.4 12.8-12.8V108.8c0-6.4-6.4-12.8-12.8-12.8h-22.4c-6.4 0-12.8 6.4-12.8 12.8v230.4c0 6.4 6.4 12.8 12.8 12.8zm-192 0h22.4c6.4 0 12.8-6.4 12.8-12.8V140.8c0-6.4-6.4-12.8-12.8-12.8h-22.4c-6.4 0-12.8 6.4-12.8 12.8v198.4c0 6.4 6.4 12.8 12.8 12.8zm96 0h22.4c6.4 0 12.8-6.4 12.8-12.8V204.8c0-6.4-6.4-12.8-12.8-12.8h-22.4c-6.4 0-12.8 6.4-12.8 12.8v134.4c0 6.4 6.4 12.8 12.8 12.8zM496 400H48V80c0-8.84-7.16-16-16-16H16C7.16 64 0 71.16 0 80v336c0 17.67 14.33 32 32 32h464c8.84 0 16-7.16 16-16v-16c0-8.84-7.16-16-16-16zm-387.2-48h22.4c6.4 0 12.8-6.4 12.8-12.8v-70.4c0-6.4-6.4-12.8-12.8-12.8h-22.4c-6.4 0-12.8 6.4-12.8 12.8v70.4c0 6.4 6.4 12.8 12.8 12.8z\" class=\"\"><\/path><\/svg><\/i> <img loading=\"lazy\" decoding=\"async\" width=\"16\" height=\"16\" alt=\"Loading\" src=\"https:\/\/www.raccontinellarete.it\/301\/wp-content\/plugins\/page-views-count\/ajax-loader-2x.gif\" border=0 \/><\/p>\n<div class=\"pvc_clear\"><\/div>\n","protected":false},"author":4522,"featured_media":0,"comment_status":"open","ping_status":"closed","sticky":false,"template":"","format":"standard","meta":{"footnotes":""},"categories":[146],"tags":[],"class_list":["post-19331","post","type-post","status-publish","format-standard","hentry","category-premio-racconti-per-corti-2014"],"_links":{"self":[{"href":"https:\/\/www.raccontinellarete.it\/index.php?rest_route=\/wp\/v2\/posts\/19331"}],"collection":[{"href":"https:\/\/www.raccontinellarete.it\/index.php?rest_route=\/wp\/v2\/posts"}],"about":[{"href":"https:\/\/www.raccontinellarete.it\/index.php?rest_route=\/wp\/v2\/types\/post"}],"author":[{"embeddable":true,"href":"https:\/\/www.raccontinellarete.it\/index.php?rest_route=\/wp\/v2\/users\/4522"}],"replies":[{"embeddable":true,"href":"https:\/\/www.raccontinellarete.it\/index.php?rest_route=%2Fwp%2Fv2%2Fcomments&post=19331"}],"version-history":[{"count":5,"href":"https:\/\/www.raccontinellarete.it\/index.php?rest_route=\/wp\/v2\/posts\/19331\/revisions"}],"predecessor-version":[{"id":19492,"href":"https:\/\/www.raccontinellarete.it\/index.php?rest_route=\/wp\/v2\/posts\/19331\/revisions\/19492"}],"wp:attachment":[{"href":"https:\/\/www.raccontinellarete.it\/index.php?rest_route=%2Fwp%2Fv2%2Fmedia&parent=19331"}],"wp:term":[{"taxonomy":"category","embeddable":true,"href":"https:\/\/www.raccontinellarete.it\/index.php?rest_route=%2Fwp%2Fv2%2Fcategories&post=19331"},{"taxonomy":"post_tag","embeddable":true,"href":"https:\/\/www.raccontinellarete.it\/index.php?rest_route=%2Fwp%2Fv2%2Ftags&post=19331"}],"curies":[{"name":"wp","href":"https:\/\/api.w.org\/{rel}","templated":true}]}}