{"id":19182,"date":"2014-05-15T22:25:11","date_gmt":"2014-05-15T21:25:11","guid":{"rendered":"http:\/\/www.raccontinellarete.it\/?p=19182"},"modified":"2014-05-22T21:39:45","modified_gmt":"2014-05-22T20:39:45","slug":"premio-racconti-nella-rete-2014-lunatico-di-diego-piva","status":"publish","type":"post","link":"https:\/\/www.raccontinellarete.it\/?p=19182","title":{"rendered":"Premio Racconti per Corti 2014 &#8220;Lunatico&#8221; di Diego Piva"},"content":{"rendered":"<p><!--\n@page { margin: 2cm }\nP { margin-bottom: 0.21cm }\n--><\/p>\n<p align=\"justify\"><span style=\"font-family: Courier New,monospace;\"><span style=\"font-size: small;\">Il 20 luglio del 1969 in tutto il mondo si assiste allo sbarco dell&#8217;uomo sulla luna; ed anche nel piccolo paese di Asciano tutti i cittadini sono riuniti nel bar del paese per assistere alla diretta RAI dello storico evento.<\/span><\/span><\/p>\n<p align=\"justify\"><span style=\"font-family: Courier New,monospace;\"><span style=\"font-size: small;\">L&#8217;unico nel bar che non si interessa alla diretta, e guarda fuori la finestra, \u00e8 Tonino, il matto del villaggio. <\/span><\/span><\/p>\n<p align=\"justify\"><span style=\"font-family: Courier New,monospace;\"><span style=\"font-size: small;\">Marco, che segue la diretta seduto in prima fila, \u00e8 un ragazzino di otto anni, molto sveglio e senza paura di nulla.<\/span><\/span><\/p>\n<p align=\"justify\"><span style=\"font-family: Courier New,monospace;\"><span style=\"font-size: small;\">Nei giorni successivi a quella &#8220;visione&#8221;, Marco inizia ad osservare la luna sempre pi\u00f9 spesso e sempre con maggior interesse. Tempo dopo, mentre gioca ai margini del paese, il filo del suo aquilone si spezza. L&#8217;aquilone va a finire sopra un albero che si trova a fianco di una vecchia casa un po&#8217; isolata dalle altre. E&#8217; la casa abitata dalla vedova del colonnello Sisinni, una anziana signora che nessuno conosce bene in paese, e sulla quale i bambini hanno creato strane e spaventose leggende. Marco decide di rischiare e riesce a recuperare l&#8217;aquilone dall&#8217;albero, ma in quel momento la Vedova Sisinni, trascinando i suoi abiti scuri, fa la sua apparizione sul balcone della casa. La vedova si guarda attorno ma non lo vede e rientra in casa. <\/span><\/span><\/p>\n<p align=\"justify\"><span style=\"font-family: Courier New,monospace;\"><span style=\"font-size: small;\">Marco tira un sospiro di sollievo e mentre sta scendendo dall&#8217;albero, gli cade l&#8217;occhio su una finestra aperta. All&#8217;interno Marco scorge un elegante salone, che sembra quasi un museo militare. Tre la altre cose, nel salone c&#8217;\u00e8 anche un telescopio, e Marco ne resta affascinato. <\/span><\/span><\/p>\n<p align=\"justify\"><span style=\"font-family: Courier New,monospace;\"><span style=\"font-size: small;\">Nei giorni successivi cerca di costruirsi un telescopio per conto suo. Utilizza delle canne di bamb\u00f9 e dei cocci di vetro, ma ovviamente il suo esperimento non riesce, e Marco se la prende con se stesso. Decide allora di prendere in prestito il telescopio, usarlo per qualche ora, e poi restituirlo.<\/span><\/span><\/p>\n<p align=\"justify\"><span style=\"font-family: Courier New,monospace;\"><span style=\"font-size: small;\">Esce di casa dopo mezzanotte e si dirige verso la casa della vedova; si infiltra agilmente, prende il telescopio e se ne va. Il tutto senza intoppi. <\/span><\/span><\/p>\n<p align=\"justify\"><span style=\"font-family: Courier New,monospace;\"><span style=\"font-size: small;\">Poi si allontana sulle colline. Quando trova uno spazio aperto, monta il telescopio e si mette ad osservare il cielo, estasiato. Ma il tempo vola e Marco viene sorpreso dalle prime luci dell&#8217;alba. Decide quindi di tornare a casa e di restituire il telescopio il giorno seguente. <\/span><\/span><\/p>\n<p align=\"justify\"><span style=\"font-family: Courier New,monospace;\"><span style=\"font-size: small;\">La mattina dopo per\u00f2 Marco vede due carabinieri che strattonano Tonino, il matto del villaggio, verso il Palazzo del comnune. Marco capisce che Tonino \u00e8 stato accusato di aver rubato il telescopio. Preso dai sensi di colpa e dalla paura di essere scoperto dai carabinieri, Marco decide di tornare a casa Sisinni per restituirlo.<\/span><\/span><\/p>\n<p align=\"justify\"><span style=\"font-family: Courier New,monospace;\"><span style=\"font-size: small;\">Ma quando entra per la seconda volta nella casa, Marco viene sorpreso dalla vedova in persona. Il ragazzino scopre che in realt\u00e0 la signora Anna \u00e8 una donna molto malata che si \u00e8 ritirata in solitudine dopo aver vissuto una vita di patimenti. La vedova perdona Marco e lo copre, dicendo ai carabinieri che si era sbagliata, che il telescopio non era sparito.<\/span><\/span><\/p>\n<p align=\"justify\"><span style=\"font-family: Courier New,monospace;\"><span style=\"font-size: small;\">Dopo un breve dialogo tra i due, nel quale la signora Anna spiega a Marco il pericolo di un progresso usato con fini militari, e le menzogne che racconta la televisione, Marco torna a casa sua, con la testa piena di pensieri contrastanti.<\/span><\/span><\/p>\n<p align=\"justify\"><span style=\"font-family: Courier New,monospace;\"><span style=\"font-size: small;\">Qualche giorno dopo, mentre le campane annunciano un funerale, quello della signora Anna, a casa di Marco arriva un pacco.<\/span><\/span><\/p>\n<p align=\"justify\"><span style=\"font-family: Courier New,monospace;\"><span style=\"font-size: small;\">Con grande sorpresa di tutta la famiglia, la signora Anna, prima di morire ha deciso di regalare a Marco il telescopio.<\/span><\/span><\/p>\n<div class=\"pvc_clear\"><\/div>\n<p id=\"pvc_stats_19182\" class=\"pvc_stats all  \" data-element-id=\"19182\" style=\"\"><i class=\"pvc-stats-icon medium\" aria-hidden=\"true\"><svg aria-hidden=\"true\" focusable=\"false\" data-prefix=\"far\" data-icon=\"chart-bar\" role=\"img\" xmlns=\"http:\/\/www.w3.org\/2000\/svg\" viewBox=\"0 0 512 512\" class=\"svg-inline--fa fa-chart-bar fa-w-16 fa-2x\"><path fill=\"currentColor\" d=\"M396.8 352h22.4c6.4 0 12.8-6.4 12.8-12.8V108.8c0-6.4-6.4-12.8-12.8-12.8h-22.4c-6.4 0-12.8 6.4-12.8 12.8v230.4c0 6.4 6.4 12.8 12.8 12.8zm-192 0h22.4c6.4 0 12.8-6.4 12.8-12.8V140.8c0-6.4-6.4-12.8-12.8-12.8h-22.4c-6.4 0-12.8 6.4-12.8 12.8v198.4c0 6.4 6.4 12.8 12.8 12.8zm96 0h22.4c6.4 0 12.8-6.4 12.8-12.8V204.8c0-6.4-6.4-12.8-12.8-12.8h-22.4c-6.4 0-12.8 6.4-12.8 12.8v134.4c0 6.4 6.4 12.8 12.8 12.8zM496 400H48V80c0-8.84-7.16-16-16-16H16C7.16 64 0 71.16 0 80v336c0 17.67 14.33 32 32 32h464c8.84 0 16-7.16 16-16v-16c0-8.84-7.16-16-16-16zm-387.2-48h22.4c6.4 0 12.8-6.4 12.8-12.8v-70.4c0-6.4-6.4-12.8-12.8-12.8h-22.4c-6.4 0-12.8 6.4-12.8 12.8v70.4c0 6.4 6.4 12.8 12.8 12.8z\" class=\"\"><\/path><\/svg><\/i> <img loading=\"lazy\" decoding=\"async\" width=\"16\" height=\"16\" alt=\"Loading\" src=\"https:\/\/www.raccontinellarete.it\/301\/wp-content\/plugins\/page-views-count\/ajax-loader-2x.gif\" border=0 \/><\/p>\n<div class=\"pvc_clear\"><\/div>\n","protected":false},"excerpt":{"rendered":"<p>Il 20 luglio del 1969 in tutto il mondo si assiste allo sbarco dell&#8217;uomo sulla luna; ed anche nel piccolo paese di Asciano tutti i cittadini sono riuniti nel bar del paese per assistere alla diretta RAI dello storico evento. L&#8217;unico nel bar che non si interessa alla diretta, e guarda fuori la finestra, \u00e8 [&hellip;]<\/p>\n<div class=\"pvc_clear\"><\/div>\n<p id=\"pvc_stats_19182\" class=\"pvc_stats all  \" data-element-id=\"19182\" style=\"\"><i class=\"pvc-stats-icon medium\" aria-hidden=\"true\"><svg aria-hidden=\"true\" focusable=\"false\" data-prefix=\"far\" data-icon=\"chart-bar\" role=\"img\" xmlns=\"http:\/\/www.w3.org\/2000\/svg\" viewBox=\"0 0 512 512\" class=\"svg-inline--fa fa-chart-bar fa-w-16 fa-2x\"><path fill=\"currentColor\" d=\"M396.8 352h22.4c6.4 0 12.8-6.4 12.8-12.8V108.8c0-6.4-6.4-12.8-12.8-12.8h-22.4c-6.4 0-12.8 6.4-12.8 12.8v230.4c0 6.4 6.4 12.8 12.8 12.8zm-192 0h22.4c6.4 0 12.8-6.4 12.8-12.8V140.8c0-6.4-6.4-12.8-12.8-12.8h-22.4c-6.4 0-12.8 6.4-12.8 12.8v198.4c0 6.4 6.4 12.8 12.8 12.8zm96 0h22.4c6.4 0 12.8-6.4 12.8-12.8V204.8c0-6.4-6.4-12.8-12.8-12.8h-22.4c-6.4 0-12.8 6.4-12.8 12.8v134.4c0 6.4 6.4 12.8 12.8 12.8zM496 400H48V80c0-8.84-7.16-16-16-16H16C7.16 64 0 71.16 0 80v336c0 17.67 14.33 32 32 32h464c8.84 0 16-7.16 16-16v-16c0-8.84-7.16-16-16-16zm-387.2-48h22.4c6.4 0 12.8-6.4 12.8-12.8v-70.4c0-6.4-6.4-12.8-12.8-12.8h-22.4c-6.4 0-12.8 6.4-12.8 12.8v70.4c0 6.4 6.4 12.8 12.8 12.8z\" class=\"\"><\/path><\/svg><\/i> <img loading=\"lazy\" decoding=\"async\" width=\"16\" height=\"16\" alt=\"Loading\" src=\"https:\/\/www.raccontinellarete.it\/301\/wp-content\/plugins\/page-views-count\/ajax-loader-2x.gif\" border=0 \/><\/p>\n<div class=\"pvc_clear\"><\/div>\n","protected":false},"author":4641,"featured_media":0,"comment_status":"open","ping_status":"closed","sticky":false,"template":"","format":"standard","meta":{"footnotes":""},"categories":[146],"tags":[],"class_list":["post-19182","post","type-post","status-publish","format-standard","hentry","category-premio-racconti-per-corti-2014"],"_links":{"self":[{"href":"https:\/\/www.raccontinellarete.it\/index.php?rest_route=\/wp\/v2\/posts\/19182"}],"collection":[{"href":"https:\/\/www.raccontinellarete.it\/index.php?rest_route=\/wp\/v2\/posts"}],"about":[{"href":"https:\/\/www.raccontinellarete.it\/index.php?rest_route=\/wp\/v2\/types\/post"}],"author":[{"embeddable":true,"href":"https:\/\/www.raccontinellarete.it\/index.php?rest_route=\/wp\/v2\/users\/4641"}],"replies":[{"embeddable":true,"href":"https:\/\/www.raccontinellarete.it\/index.php?rest_route=%2Fwp%2Fv2%2Fcomments&post=19182"}],"version-history":[{"count":4,"href":"https:\/\/www.raccontinellarete.it\/index.php?rest_route=\/wp\/v2\/posts\/19182\/revisions"}],"predecessor-version":[{"id":19486,"href":"https:\/\/www.raccontinellarete.it\/index.php?rest_route=\/wp\/v2\/posts\/19182\/revisions\/19486"}],"wp:attachment":[{"href":"https:\/\/www.raccontinellarete.it\/index.php?rest_route=%2Fwp%2Fv2%2Fmedia&parent=19182"}],"wp:term":[{"taxonomy":"category","embeddable":true,"href":"https:\/\/www.raccontinellarete.it\/index.php?rest_route=%2Fwp%2Fv2%2Fcategories&post=19182"},{"taxonomy":"post_tag","embeddable":true,"href":"https:\/\/www.raccontinellarete.it\/index.php?rest_route=%2Fwp%2Fv2%2Ftags&post=19182"}],"curies":[{"name":"wp","href":"https:\/\/api.w.org\/{rel}","templated":true}]}}