{"id":18987,"date":"2014-05-13T22:10:49","date_gmt":"2014-05-13T21:10:49","guid":{"rendered":"http:\/\/www.raccontinellarete.it\/?p=18987"},"modified":"2014-05-14T11:58:59","modified_gmt":"2014-05-14T10:58:59","slug":"premio-racconti-nella-rete-2014-audioguida-di-guido-penzo","status":"publish","type":"post","link":"https:\/\/www.raccontinellarete.it\/?p=18987","title":{"rendered":"Premio Racconti per Corti 2014 &#8220;Audioguida&#8221; di Guido Penzo"},"content":{"rendered":"<p>Interno \/ sala di un museo: Alcuni visitatori si aggirano all&#8217;interno di una sala espositiva della mostra su Piero Manzoni che si tiene a Milano, Palazzo Reale fino al 2 giugno (o altra mostra a vostra scelta, magari a Lucca).<\/p>\n<p>Tra di essi vi \u00e8 Michele, il nostro protagonista. E&#8217; fermo davanti ad un&#8217;opera, la osserva mentre ascolta la descrizione dall&#8217;audio-guida che indossa:\u00a0\u00a0 &#8220;&#8230;<i>Dall\u2019autunno 1961 Manzoni speriment\u00f2 ulteriori percorsi innovativi, dando vita alle tanto controverse\u00a0 quanto geniali scatolette di \u201cMerda d\u2019artista\u201d. L\u2019estremizzazione di un pensiero, gi\u00e0 in precedenza espresso dall\u2019artista, riguardo la concretezza materiale del corpo e alla artisticit\u00e0 implicita in ogni atto dell\u2019autore e, quindi, nelle sue \u201creliquie\u201d.<\/i>..&#8221;.<\/p>\n<p>Poi Michele si sposta davanti ad un&#8217;altra opera del Manzoni. Altro audio fuori campo con altra descrizione dell&#8217;opera davanti alla quale si \u00e8 fermato.<\/p>\n<p>Cos\u00ec abbiamo presentato i due protagonisti: Michele, un giovane studente d\u2019arte di 23 anni di Lucca e per quel giorno turista a Milano, e la &#8220;voce&#8221; dell&#8217;audioguida che lo sta accompagnando nel percorso espositivo. Fin qui niente di strano. Senonch\u00e9 al termine della visita, prima di uscire dall&#8217;ultima stanza, Michele decide di&#8230;rubare la cuffia che indossa con il relativo &#8220;lettore&#8221;. Non chiedetemi perch\u00e8 lo fa, non c&#8217;\u00e8 tempo per chiederselo, qualcuno potrebbe accorgersene.<\/p>\n<p><i>Esterno \/ Giorno<\/i>. Michele \u00e8 all&#8217;esterno di Palazzo Reale. E&#8217; fuori con l&#8217;audioguida. Nessun allarme ha suonato. Forse perch\u00e8 nessuno si aspetta che qualcuno possa rubare un\u2019audioguida, forse. Chiss\u00e0 perch\u00e8. Michele la tira fuori dal maglione, la guarda domandandosi cosa potr\u00e0 ricavarne&#8230;indossa ancora una volta la cuffia e si accorge che non \u00e8 spenta. La cosa pi\u00f9 strana \u00e8 che l&#8217;audio che gli arriva alle orecchie descrive esattamente quello che lui sta guardando. Si gira verso il Duomo e: &#8220;&#8230;<i>Lo stile del Duomo, essendo frutto di lavori secolari, non risponde a un preciso movimento, ma segue piuttosto un&#8217;idea di &#8220;gotico&#8221; mastodontico e fantasmagorico via via reinterpretata. Nonostante ci\u00f2, e nonostante le contraddizioni stilistiche nell&#8217;architettura, il Duomo si presenta come un organismo unitario. La gigantesca macchina di pietra infatti affascina e attrae l&#8217;immaginazione popolare, in virt\u00f9 anche della sua<\/i>&#8230;&#8221;.<\/p>\n<p>Alza gli occhi verso la Madonnina posta in cima ed inizia una nuova descrizione: &#8220;&#8230;<i>Inaugurata il 30 dicembre 1774, la Madonnina del Duomo di Milano \u00e8 il punto pi\u00f9 alto della chiesa. La statua venne disegnata dallo scultore Giuseppe Perego e fusa dall&#8217;orafo Giuseppe Bini, per un&#8217;altezza di 4,16 metri. L&#8217;interno della statua conserva<\/i>&#8230;&#8221;.<\/p>\n<p>Possibile? Si domanda Michele, eppure su ogni cosa sulla quale lui sofferma lo sguardo ascolta una descrizione proveniente dall&#8217;audioguida. Possibile che l&#8217;audioguida funzioni anche al di fuori del Museo? Questo \u00e8 ormai certo. Possibile che sia sufficiente guardare, per esempio, quella statua, chi cazzo \u00e8?, dalla parte opposta del Duomo per ascoltare: &#8220;&#8230; <i>Il monumento venne commissionato allo scultore italiano Ercole Rosa da Umberto I dopo la morte del padre nel 1878, ma venne posta in centro alla piazza solo nel 1896 in quanto lo scultore mor\u00ec prima di aver terminato il monumento che venne finito da altri e poi inaugurato<\/i>&#8230;&#8221;.<\/p>\n<p>Michele non credeva alle sue orecchie, era proprio il caso di dirlo, eppure&#8230;<\/p>\n<p>Michele adesso ce l\u2019aveva tra le mani. La guardava con un misto di curiosit\u00e0 e di paura. D\u2019accordo, si convinse, probabilmente funzioni solo qui a poca distanza dal museo. Con questa speranza Michele s\u2019incammin\u00f2 alla ricerca di un posto economico dove mangiare qualcosa.<\/p>\n<p><em>Esterno \/ Giorno<\/em>. Michele si muove per alcune vie. Dopo una decina di minuti, ormai lontano da Palazzo Reale, si trov\u00f2 davanti ad una trattoria\u2026 greca. Perch\u00e9 no? \u201cEsperides\u201d era scritto sull\u2019insegna. Chiss\u00e0 com\u2019\u00e8? Si domand\u00f2. Chiss\u00e0? Cos\u00ec fece quello a cui aveva rifiutato di pensare fino a quel momento. Prese l\u2019audioguida e si mise in testa la cuffia, ascoltando: \u201c<i>Esperides \u00e8 aperto da oltre 10 anni ed \u00e8 ormai un punto di riferimento della ristorazione milanese. Si inizia con un misto di antipasti, pikilia 12 euro, che comprendono taramosalata, melizanosalata, dolmadakia, olive, feta e un notevole tzatziki. Godetevi la moussaka, 9 euro, e continuate con una progressione deliziosa che attraversa il gyros con patate, 9 euro e 50 centesimi, carne cotta su uno spiedo\u2026<\/i>\u201d. Funziona!<\/p>\n<p><em>Interno \/ Giorno. Sala della trattoria<\/em>. Ma la cosa pi\u00f9 incredibile gli capit\u00f2 dopo aver terminato l\u2019ultimo pezzettino di pane spalmato di tzatziki \u00a0in attesa che gli portassero la moussaka. Pi\u00f9 per gioco che per curiosit\u00e0 s\u2019infil\u00f2 ancora una volta in testa la cuffia dell\u2019audioguida e \u201cpunt\u00f2\u201d la ragazza che era seduta al tavolo vicino all\u2019ingresso assieme ad un tipo di spalle, molto pi\u00f9 anziano. \u201cFrancesca, 25 anni, nata a Salerno il\u2026\u201d. Michele era gi\u00e0 innamorato e l\u2019ultima cosa che gli \u201cdisse\u201d l\u2019audioguida era che Francesca non era fidanzata. Bene!<\/p>\n<p>Fu a quel punto che\u2026<\/p>\n<div class=\"pvc_clear\"><\/div>\n<p id=\"pvc_stats_18987\" class=\"pvc_stats all  \" data-element-id=\"18987\" style=\"\"><i class=\"pvc-stats-icon medium\" aria-hidden=\"true\"><svg aria-hidden=\"true\" focusable=\"false\" data-prefix=\"far\" data-icon=\"chart-bar\" role=\"img\" xmlns=\"http:\/\/www.w3.org\/2000\/svg\" viewBox=\"0 0 512 512\" class=\"svg-inline--fa fa-chart-bar fa-w-16 fa-2x\"><path fill=\"currentColor\" d=\"M396.8 352h22.4c6.4 0 12.8-6.4 12.8-12.8V108.8c0-6.4-6.4-12.8-12.8-12.8h-22.4c-6.4 0-12.8 6.4-12.8 12.8v230.4c0 6.4 6.4 12.8 12.8 12.8zm-192 0h22.4c6.4 0 12.8-6.4 12.8-12.8V140.8c0-6.4-6.4-12.8-12.8-12.8h-22.4c-6.4 0-12.8 6.4-12.8 12.8v198.4c0 6.4 6.4 12.8 12.8 12.8zm96 0h22.4c6.4 0 12.8-6.4 12.8-12.8V204.8c0-6.4-6.4-12.8-12.8-12.8h-22.4c-6.4 0-12.8 6.4-12.8 12.8v134.4c0 6.4 6.4 12.8 12.8 12.8zM496 400H48V80c0-8.84-7.16-16-16-16H16C7.16 64 0 71.16 0 80v336c0 17.67 14.33 32 32 32h464c8.84 0 16-7.16 16-16v-16c0-8.84-7.16-16-16-16zm-387.2-48h22.4c6.4 0 12.8-6.4 12.8-12.8v-70.4c0-6.4-6.4-12.8-12.8-12.8h-22.4c-6.4 0-12.8 6.4-12.8 12.8v70.4c0 6.4 6.4 12.8 12.8 12.8z\" class=\"\"><\/path><\/svg><\/i> <img loading=\"lazy\" decoding=\"async\" width=\"16\" height=\"16\" alt=\"Loading\" src=\"https:\/\/www.raccontinellarete.it\/301\/wp-content\/plugins\/page-views-count\/ajax-loader-2x.gif\" border=0 \/><\/p>\n<div class=\"pvc_clear\"><\/div>\n","protected":false},"excerpt":{"rendered":"<p>Interno \/ sala di un museo: Alcuni visitatori si aggirano all&#8217;interno di una sala espositiva della mostra su Piero Manzoni che si tiene a Milano, Palazzo Reale fino al 2 giugno (o altra mostra a vostra scelta, magari a Lucca). Tra di essi vi \u00e8 Michele, il nostro protagonista. E&#8217; fermo davanti ad un&#8217;opera, la [&hellip;]<\/p>\n<div class=\"pvc_clear\"><\/div>\n<p id=\"pvc_stats_18987\" class=\"pvc_stats all  \" data-element-id=\"18987\" style=\"\"><i class=\"pvc-stats-icon medium\" aria-hidden=\"true\"><svg aria-hidden=\"true\" focusable=\"false\" data-prefix=\"far\" data-icon=\"chart-bar\" role=\"img\" xmlns=\"http:\/\/www.w3.org\/2000\/svg\" viewBox=\"0 0 512 512\" class=\"svg-inline--fa fa-chart-bar fa-w-16 fa-2x\"><path fill=\"currentColor\" d=\"M396.8 352h22.4c6.4 0 12.8-6.4 12.8-12.8V108.8c0-6.4-6.4-12.8-12.8-12.8h-22.4c-6.4 0-12.8 6.4-12.8 12.8v230.4c0 6.4 6.4 12.8 12.8 12.8zm-192 0h22.4c6.4 0 12.8-6.4 12.8-12.8V140.8c0-6.4-6.4-12.8-12.8-12.8h-22.4c-6.4 0-12.8 6.4-12.8 12.8v198.4c0 6.4 6.4 12.8 12.8 12.8zm96 0h22.4c6.4 0 12.8-6.4 12.8-12.8V204.8c0-6.4-6.4-12.8-12.8-12.8h-22.4c-6.4 0-12.8 6.4-12.8 12.8v134.4c0 6.4 6.4 12.8 12.8 12.8zM496 400H48V80c0-8.84-7.16-16-16-16H16C7.16 64 0 71.16 0 80v336c0 17.67 14.33 32 32 32h464c8.84 0 16-7.16 16-16v-16c0-8.84-7.16-16-16-16zm-387.2-48h22.4c6.4 0 12.8-6.4 12.8-12.8v-70.4c0-6.4-6.4-12.8-12.8-12.8h-22.4c-6.4 0-12.8 6.4-12.8 12.8v70.4c0 6.4 6.4 12.8 12.8 12.8z\" class=\"\"><\/path><\/svg><\/i> <img loading=\"lazy\" decoding=\"async\" width=\"16\" height=\"16\" alt=\"Loading\" src=\"https:\/\/www.raccontinellarete.it\/301\/wp-content\/plugins\/page-views-count\/ajax-loader-2x.gif\" border=0 \/><\/p>\n<div class=\"pvc_clear\"><\/div>\n","protected":false},"author":4579,"featured_media":0,"comment_status":"open","ping_status":"closed","sticky":false,"template":"","format":"standard","meta":{"footnotes":""},"categories":[146],"tags":[],"class_list":["post-18987","post","type-post","status-publish","format-standard","hentry","category-premio-racconti-per-corti-2014"],"_links":{"self":[{"href":"https:\/\/www.raccontinellarete.it\/index.php?rest_route=\/wp\/v2\/posts\/18987"}],"collection":[{"href":"https:\/\/www.raccontinellarete.it\/index.php?rest_route=\/wp\/v2\/posts"}],"about":[{"href":"https:\/\/www.raccontinellarete.it\/index.php?rest_route=\/wp\/v2\/types\/post"}],"author":[{"embeddable":true,"href":"https:\/\/www.raccontinellarete.it\/index.php?rest_route=\/wp\/v2\/users\/4579"}],"replies":[{"embeddable":true,"href":"https:\/\/www.raccontinellarete.it\/index.php?rest_route=%2Fwp%2Fv2%2Fcomments&post=18987"}],"version-history":[{"count":3,"href":"https:\/\/www.raccontinellarete.it\/index.php?rest_route=\/wp\/v2\/posts\/18987\/revisions"}],"predecessor-version":[{"id":19148,"href":"https:\/\/www.raccontinellarete.it\/index.php?rest_route=\/wp\/v2\/posts\/18987\/revisions\/19148"}],"wp:attachment":[{"href":"https:\/\/www.raccontinellarete.it\/index.php?rest_route=%2Fwp%2Fv2%2Fmedia&parent=18987"}],"wp:term":[{"taxonomy":"category","embeddable":true,"href":"https:\/\/www.raccontinellarete.it\/index.php?rest_route=%2Fwp%2Fv2%2Fcategories&post=18987"},{"taxonomy":"post_tag","embeddable":true,"href":"https:\/\/www.raccontinellarete.it\/index.php?rest_route=%2Fwp%2Fv2%2Ftags&post=18987"}],"curies":[{"name":"wp","href":"https:\/\/api.w.org\/{rel}","templated":true}]}}