{"id":18253,"date":"2014-03-21T18:52:44","date_gmt":"2014-03-21T17:52:44","guid":{"rendered":"http:\/\/www.raccontinellarete.it\/?p=18253"},"modified":"2014-03-21T18:52:44","modified_gmt":"2014-03-21T17:52:44","slug":"premio-racconti-per-corti-2014-segreto-di-simone-metalli","status":"publish","type":"post","link":"https:\/\/www.raccontinellarete.it\/?p=18253","title":{"rendered":"Premio Racconti per Corti 2014 &#8220;Segreto&#8221; di Simone Metalli"},"content":{"rendered":"<p>Marco \u00e8 un ragazzo di 10 anni, abita con la nonna Matilde in una casa sul limitare del bosco appena fuori il paese. Ha avuto una infanzia molto difficile: la madre malata di diabete \u00e8 morta quando lui era molto piccolo mentre il padre, che \u00e8 il figlio di Matilde, \u00e8 in Norvegia per lavorare sulle piattaforme petrolifere. Marco \u00e8 un ragazzo molto schivo, non sta in mezzo agli altri, non ama giocare a pallone e fisicamente \u00e8 grasso e questo lo rende vittima di atti di prepotenza da parte dei compagni che lo canzonano e lo isolano. Rimane spesso da solo e la nonna \u00e8 molto preoccupata per questa sua presunta asocialit\u00e0. Lo sente spesso parlare da solo, sparisce per interi pomeriggi nel bosco e non vuole raccontare alla nonna dove si rechi. A questo punto, anche su consiglio del padre, Marco viene portato dallo psichiatra che per\u00f2 non riscontrer\u00e0 nulla di strano in lui tranne una fantasia troppo galoppante. Marco infatti ha raccontato allo psichiatra di avere trovato una piccola comunit\u00e0 di gnomi nel bosco e che loro lo hanno nominato loro ambasciatore nel mondo degli uomini dicendogli che lui \u00e8 un ragazzo speciale. I pomeriggi di Marco nel bosco sono sempre pi\u00f9 lunghi e frequenti ed il ragazzo di chiude sempre in se stesso e racconta sempre meno alla nonna. A scuola da Marco nel frattempo arriva Martina. Si siede accanto a Marco visto che \u00e8 l\u2019unico posto libero in classe in quanto nessuno vuole stare accanto a quello strano compagno, ciccione e schizzato secondo i compagni. Martina e Marco scoprono subito di avere una affinit\u00e0 perch\u00e9 lei \u00e8 una grande appassionata di fate. Marco a questo punto prende il coraggio a due mani e la invita un pomeriggio a casa sua. Martina accetta e la nonna \u00e8 sbalordita quando il giovane le annuncia che il pomeriggio seguente verr\u00e0 una amichetta per giocare assieme. Martina arriva il pomeriggio seguente come d\u2019accordo, la nonna le prepara la famosa torta di mele che a Marco piace tanto e che lei le riserva per le grandi occasioni. Il pomeriggio trascorre sereno e divertente fino a quando Marco e Martina escono a giocare all\u2019aperto. Siamo in primavera, \u00e8 un piacere passeggiare nel bosco. Marco ha idea di portare Martina a vedere gli gnomi per raccontarle esattamente la storia ma si recano sul posto e non trovano nulla. Marco \u00e8 molto imbarazzato, crede di avere fatto una figuraccia tremenda con l\u2019amichetta ma Martina lo abbraccia e gli dice: \u201cGuarda che lo so, sanno essere molto dispettosi\u201d. Marco rimane sbalordito dalla sua affermazione. Martina lo abbraccia forte forte e gli confessa: \u201cAnche io li vedo ma essendo una femmina vedo le fate\u201d Marco sorride come mai in vita sua e la abbraccia a sua volta. Passeranno il pomeriggio sempre assieme, nel bosco, a raccontarsi delle avventure dei rispettivi popoli, a sognare insieme, a condividere i loro sentimenti. Non si stancheranno mai, cresceranno e cos\u00ec anche i loro sentimenti l\u2019uno per l\u2019altro. Un giorno Marco e Martina si sposeranno, il germe dell\u2019amore dar\u00e0 il loro frutto e nascer\u00e0 una bambina speciale in grado di vedere sia gli gnomi sia le fate. Ma questa \u00e8 un\u2019altra storia \u2026<\/p>\n<div class=\"pvc_clear\"><\/div>\n<p id=\"pvc_stats_18253\" class=\"pvc_stats all  \" data-element-id=\"18253\" style=\"\"><i class=\"pvc-stats-icon medium\" aria-hidden=\"true\"><svg aria-hidden=\"true\" focusable=\"false\" data-prefix=\"far\" data-icon=\"chart-bar\" role=\"img\" xmlns=\"http:\/\/www.w3.org\/2000\/svg\" viewBox=\"0 0 512 512\" class=\"svg-inline--fa fa-chart-bar fa-w-16 fa-2x\"><path fill=\"currentColor\" d=\"M396.8 352h22.4c6.4 0 12.8-6.4 12.8-12.8V108.8c0-6.4-6.4-12.8-12.8-12.8h-22.4c-6.4 0-12.8 6.4-12.8 12.8v230.4c0 6.4 6.4 12.8 12.8 12.8zm-192 0h22.4c6.4 0 12.8-6.4 12.8-12.8V140.8c0-6.4-6.4-12.8-12.8-12.8h-22.4c-6.4 0-12.8 6.4-12.8 12.8v198.4c0 6.4 6.4 12.8 12.8 12.8zm96 0h22.4c6.4 0 12.8-6.4 12.8-12.8V204.8c0-6.4-6.4-12.8-12.8-12.8h-22.4c-6.4 0-12.8 6.4-12.8 12.8v134.4c0 6.4 6.4 12.8 12.8 12.8zM496 400H48V80c0-8.84-7.16-16-16-16H16C7.16 64 0 71.16 0 80v336c0 17.67 14.33 32 32 32h464c8.84 0 16-7.16 16-16v-16c0-8.84-7.16-16-16-16zm-387.2-48h22.4c6.4 0 12.8-6.4 12.8-12.8v-70.4c0-6.4-6.4-12.8-12.8-12.8h-22.4c-6.4 0-12.8 6.4-12.8 12.8v70.4c0 6.4 6.4 12.8 12.8 12.8z\" class=\"\"><\/path><\/svg><\/i> <img loading=\"lazy\" decoding=\"async\" width=\"16\" height=\"16\" alt=\"Loading\" src=\"https:\/\/www.raccontinellarete.it\/301\/wp-content\/plugins\/page-views-count\/ajax-loader-2x.gif\" border=0 \/><\/p>\n<div class=\"pvc_clear\"><\/div>\n","protected":false},"excerpt":{"rendered":"<p>Marco \u00e8 un ragazzo di 10 anni, abita con la nonna Matilde in una casa sul limitare del bosco appena fuori il paese. Ha avuto una infanzia molto difficile: la madre malata di diabete \u00e8 morta quando lui era molto piccolo mentre il padre, che \u00e8 il figlio di Matilde, \u00e8 in Norvegia per lavorare [&hellip;]<\/p>\n<div class=\"pvc_clear\"><\/div>\n<p id=\"pvc_stats_18253\" class=\"pvc_stats all  \" data-element-id=\"18253\" style=\"\"><i class=\"pvc-stats-icon medium\" aria-hidden=\"true\"><svg aria-hidden=\"true\" focusable=\"false\" data-prefix=\"far\" data-icon=\"chart-bar\" role=\"img\" xmlns=\"http:\/\/www.w3.org\/2000\/svg\" viewBox=\"0 0 512 512\" class=\"svg-inline--fa fa-chart-bar fa-w-16 fa-2x\"><path fill=\"currentColor\" d=\"M396.8 352h22.4c6.4 0 12.8-6.4 12.8-12.8V108.8c0-6.4-6.4-12.8-12.8-12.8h-22.4c-6.4 0-12.8 6.4-12.8 12.8v230.4c0 6.4 6.4 12.8 12.8 12.8zm-192 0h22.4c6.4 0 12.8-6.4 12.8-12.8V140.8c0-6.4-6.4-12.8-12.8-12.8h-22.4c-6.4 0-12.8 6.4-12.8 12.8v198.4c0 6.4 6.4 12.8 12.8 12.8zm96 0h22.4c6.4 0 12.8-6.4 12.8-12.8V204.8c0-6.4-6.4-12.8-12.8-12.8h-22.4c-6.4 0-12.8 6.4-12.8 12.8v134.4c0 6.4 6.4 12.8 12.8 12.8zM496 400H48V80c0-8.84-7.16-16-16-16H16C7.16 64 0 71.16 0 80v336c0 17.67 14.33 32 32 32h464c8.84 0 16-7.16 16-16v-16c0-8.84-7.16-16-16-16zm-387.2-48h22.4c6.4 0 12.8-6.4 12.8-12.8v-70.4c0-6.4-6.4-12.8-12.8-12.8h-22.4c-6.4 0-12.8 6.4-12.8 12.8v70.4c0 6.4 6.4 12.8 12.8 12.8z\" class=\"\"><\/path><\/svg><\/i> <img loading=\"lazy\" decoding=\"async\" width=\"16\" height=\"16\" alt=\"Loading\" src=\"https:\/\/www.raccontinellarete.it\/301\/wp-content\/plugins\/page-views-count\/ajax-loader-2x.gif\" border=0 \/><\/p>\n<div class=\"pvc_clear\"><\/div>\n","protected":false},"author":4410,"featured_media":0,"comment_status":"open","ping_status":"closed","sticky":false,"template":"","format":"standard","meta":{"footnotes":""},"categories":[146],"tags":[],"class_list":["post-18253","post","type-post","status-publish","format-standard","hentry","category-premio-racconti-per-corti-2014"],"_links":{"self":[{"href":"https:\/\/www.raccontinellarete.it\/index.php?rest_route=\/wp\/v2\/posts\/18253"}],"collection":[{"href":"https:\/\/www.raccontinellarete.it\/index.php?rest_route=\/wp\/v2\/posts"}],"about":[{"href":"https:\/\/www.raccontinellarete.it\/index.php?rest_route=\/wp\/v2\/types\/post"}],"author":[{"embeddable":true,"href":"https:\/\/www.raccontinellarete.it\/index.php?rest_route=\/wp\/v2\/users\/4410"}],"replies":[{"embeddable":true,"href":"https:\/\/www.raccontinellarete.it\/index.php?rest_route=%2Fwp%2Fv2%2Fcomments&post=18253"}],"version-history":[{"count":2,"href":"https:\/\/www.raccontinellarete.it\/index.php?rest_route=\/wp\/v2\/posts\/18253\/revisions"}],"predecessor-version":[{"id":18272,"href":"https:\/\/www.raccontinellarete.it\/index.php?rest_route=\/wp\/v2\/posts\/18253\/revisions\/18272"}],"wp:attachment":[{"href":"https:\/\/www.raccontinellarete.it\/index.php?rest_route=%2Fwp%2Fv2%2Fmedia&parent=18253"}],"wp:term":[{"taxonomy":"category","embeddable":true,"href":"https:\/\/www.raccontinellarete.it\/index.php?rest_route=%2Fwp%2Fv2%2Fcategories&post=18253"},{"taxonomy":"post_tag","embeddable":true,"href":"https:\/\/www.raccontinellarete.it\/index.php?rest_route=%2Fwp%2Fv2%2Ftags&post=18253"}],"curies":[{"name":"wp","href":"https:\/\/api.w.org\/{rel}","templated":true}]}}