{"id":15891,"date":"2013-05-30T16:25:51","date_gmt":"2013-05-30T15:25:51","guid":{"rendered":"http:\/\/www.raccontinellarete.it\/?p=15891"},"modified":"2013-05-30T16:25:51","modified_gmt":"2013-05-30T15:25:51","slug":"premio-racconti-nella-rete-2013-lascensore-di-elena-bini","status":"publish","type":"post","link":"https:\/\/www.raccontinellarete.it\/?p=15891","title":{"rendered":"Premio Racconti nella Rete 2013 &#8220;L&#8217;ascensore&#8221; di Elena Bini"},"content":{"rendered":"<p align=\"justify\">Aveva messo le calze smagliate quella mattina, ma se n&#8217; era accorta solo dopo aver premuto il tasto tre dell&#8217;ascensore.<\/p>\n<p align=\"justify\">Colloquio di lavoro: &#8220;Salve mi chiamo Michela, ho trentadue anni e ho gi\u00e0 lavorato come interior designer occasionalmente, cio\u00e8 non proprio occasionalmente&#8230; Pi\u00f9 per passa parola&#8230; Cio\u00e8&#8230; &#8220;.<\/p>\n<p align=\"justify\">Piegando il ginocchio aveva creato un enorme squarcio nelle calze, dal fianco si portava verticalmente fino alla caviglia, una meravigliosa linea dritta che faceva intravedere la pelle bianca, evidente segno che non era stata in vacanza quell&#8217;estate.<\/p>\n<p align=\"justify\">Ci riprov\u00f2: &#8221; Buongiorno, grazie per avermi accettato al colloquio. Mi chiamo Michela ed ho lavorato come interior designer arredando non solo case private ma anche uffici, non solo quello di mio marito&#8230;ex marito&#8230; Eccoci, no, cos\u00ec non va proprio&#8221;.<\/p>\n<p align=\"justify\">Si pass\u00f2 la mano sulla fronte, la scopr\u00ec spostando il ciuffo rimasto gi\u00f9, penzoloni sul lato destro; la coda di cavallo di capelli neri corvini era perfetta, ma il ciuffo era scomposto, ribelle, come se gridasse: &#8221; Ehi, io non voglio confondermi nella mischia!&#8221;<\/p>\n<p align=\"justify\">&#8220;Dai su, riprovaci!&#8221; pens\u00f2. &#8220;Buongiorno, mi chiamo Michela Retini, sono qui per il colloquio. Ho molti progetti da proporvi&#8230; Si ma per favore non ho una, e dico una, idea valida &#8220;.<\/p>\n<p align=\"justify\">La sera prima Michela aveva provato a disegnare qualcosa, un abbozzo, quando Linda, affacciandosi dalla porta del suo studio pian piano aveva sussurrato: &#8221; Mamma\u2026<\/p>\n<p align=\"justify\">&#8220;S\u00ec, tesoro?!&#8221;<\/p>\n<p align=\"justify\">&#8220;Sono le nove\u2026 Avevamo ordinato le pizze per le otto e mezzo&#8221;<\/p>\n<p align=\"justify\">&#8220;Otto e mezzo\u2026 Accidenti! Scusa tesoro, vado subito a prenderle!&#8221;<\/p>\n<p align=\"justify\">\n<p align=\"justify\">&#8220;Tesoro.. Linda, vieni ad aprirmi che ho le mani impegnate.&#8221;<\/p>\n<p align=\"justify\">Linda apr\u00ec distratta la porta e torn\u00f2 davanti alla televisione.<\/p>\n<p align=\"justify\">&#8220;Linda! Cavolo! Potevi almeno apparecchiare!&#8221; Tono risentito.<\/p>\n<p align=\"justify\">Michela chiuse la porta con un calcio e lanci\u00f2 le chiavi della macchina dentro un cestino apposito di vimini; poi accese la luce della stanza con un gomito e appoggi\u00f2 le pizze, unte e gocciolanti di olio, sul tavolo\u2026.<\/p>\n<p align=\"justify\">&#8220;Linda! Dove sono i fogli che stavo disegnando?&#8221;<\/p>\n<p align=\"justify\">&#8220;Mamma, ma il cervello dove l\u2019hai!? Sono sotto le pizze!&#8221;<\/p>\n<p align=\"justify\">Michela, occhi spalancati, lev\u00f2 di corsa le pizze vedendo subito che gli abbozzi assomigliavano oramai a enormi macchie&#8230; Simili a quelle che ti fanno vedere per diagnosticare le malattie psichiche, solo che non erano nere\u2026<\/p>\n<p align=\"justify\">&#8220;Perfetto insomma..&#8221; Pens\u00f2.<\/p>\n<p align=\"justify\">\n<p align=\"justify\">&#8220;Dai, per l\u2019ultima volta:<\/p>\n<p align=\"justify\">Salve mi chiamo Michela, ho trentadue anni e vorrei gridare: per favore assumetemi! Ho un matrimonio disastroso alle spalle, mio marito non mi passa gli alimenti per mia figlia, una quattordicenne meravigliosa che si meriterebbe tutt\u2019altro che una madre che la fa andare avanti a pizze surgelate e insalate in busta perch\u00e9 \u00e8 talmente distratta da non riuscire neppure a prendere in tempo una pizza da asporto al ristorante accanto a casa. Viviamo in un bilocale e dormiamo nella stessa stanza perch\u00e9 l\u2019unica alternativa per dormire separate sarebbe che una di noi due dormisse in cucina. Ho le calze smagliate ed i capelli scomposti perch\u00e9 ho finito di vestirmi in macchina. Non ho sentito la sveglia e mi ha fortunatamente svegliato il mio Angelo prima di andare a scuola. I capelli li ho acconciati al primo semaforo rosso che ho trovato, ma questo non succeder\u00e0 pi\u00f9 perch\u00e9 ho voglia di lavorare, di farmi il culo e farci la notte in questo studio, se necessario. Ho voglia di tornare a casa e potermi permettere di andare a cena fuori con mia figlia senza dover pensare che forse non mi basteranno i soldi per l\u2019affitto; di trovare un piccolo appartamento di tre stanze, con una cameretta dove poter far mettere a Linda quel famoso letto a baldacchino che le piace tanto. Ho voglia di svegliarmi la mattina e pensare &#8216; Ehi! Ho solo trentadue anni, una vita davanti per recuperare, per creare, per conoscere..&#8217;<\/p>\n<p align=\"justify\">Si apr\u00ec l\u2019ascensore. Sospir\u00f2, usc\u00ec, si guard\u00f2 a destra, poi a sinistra. &#8220;Scusi, lei \u00e8 Michela?&#8221;<\/p>\n<p align=\"justify\">&#8220;S\u00ec, buongiorno..&#8221; porse la mano stringendo forte, sicura, determinata. L\u2019uomo in grigio sorrise:<\/p>\n<p align=\"justify\">&#8220;Che grinta! Lei \u00e8 assunta.&#8221;<\/p>\n<div class=\"pvc_clear\"><\/div>\n<p id=\"pvc_stats_15891\" class=\"pvc_stats all  \" data-element-id=\"15891\" style=\"\"><i class=\"pvc-stats-icon medium\" aria-hidden=\"true\"><svg aria-hidden=\"true\" focusable=\"false\" data-prefix=\"far\" data-icon=\"chart-bar\" role=\"img\" xmlns=\"http:\/\/www.w3.org\/2000\/svg\" viewBox=\"0 0 512 512\" class=\"svg-inline--fa fa-chart-bar fa-w-16 fa-2x\"><path fill=\"currentColor\" d=\"M396.8 352h22.4c6.4 0 12.8-6.4 12.8-12.8V108.8c0-6.4-6.4-12.8-12.8-12.8h-22.4c-6.4 0-12.8 6.4-12.8 12.8v230.4c0 6.4 6.4 12.8 12.8 12.8zm-192 0h22.4c6.4 0 12.8-6.4 12.8-12.8V140.8c0-6.4-6.4-12.8-12.8-12.8h-22.4c-6.4 0-12.8 6.4-12.8 12.8v198.4c0 6.4 6.4 12.8 12.8 12.8zm96 0h22.4c6.4 0 12.8-6.4 12.8-12.8V204.8c0-6.4-6.4-12.8-12.8-12.8h-22.4c-6.4 0-12.8 6.4-12.8 12.8v134.4c0 6.4 6.4 12.8 12.8 12.8zM496 400H48V80c0-8.84-7.16-16-16-16H16C7.16 64 0 71.16 0 80v336c0 17.67 14.33 32 32 32h464c8.84 0 16-7.16 16-16v-16c0-8.84-7.16-16-16-16zm-387.2-48h22.4c6.4 0 12.8-6.4 12.8-12.8v-70.4c0-6.4-6.4-12.8-12.8-12.8h-22.4c-6.4 0-12.8 6.4-12.8 12.8v70.4c0 6.4 6.4 12.8 12.8 12.8z\" class=\"\"><\/path><\/svg><\/i> <img loading=\"lazy\" decoding=\"async\" width=\"16\" height=\"16\" alt=\"Loading\" src=\"https:\/\/www.raccontinellarete.it\/301\/wp-content\/plugins\/page-views-count\/ajax-loader-2x.gif\" border=0 \/><\/p>\n<div class=\"pvc_clear\"><\/div>\n","protected":false},"excerpt":{"rendered":"<p>Aveva messo le calze smagliate quella mattina, ma se n&#8217; era accorta solo dopo aver premuto il tasto tre dell&#8217;ascensore. Colloquio di lavoro: &#8220;Salve mi chiamo Michela, ho trentadue anni e ho gi\u00e0 lavorato come interior designer occasionalmente, cio\u00e8 non proprio occasionalmente&#8230; Pi\u00f9 per passa parola&#8230; Cio\u00e8&#8230; &#8220;. Piegando il ginocchio aveva creato un enorme [&hellip;]<\/p>\n<div class=\"pvc_clear\"><\/div>\n<p id=\"pvc_stats_15891\" class=\"pvc_stats all  \" data-element-id=\"15891\" style=\"\"><i class=\"pvc-stats-icon medium\" aria-hidden=\"true\"><svg aria-hidden=\"true\" focusable=\"false\" data-prefix=\"far\" data-icon=\"chart-bar\" role=\"img\" xmlns=\"http:\/\/www.w3.org\/2000\/svg\" viewBox=\"0 0 512 512\" class=\"svg-inline--fa fa-chart-bar fa-w-16 fa-2x\"><path fill=\"currentColor\" d=\"M396.8 352h22.4c6.4 0 12.8-6.4 12.8-12.8V108.8c0-6.4-6.4-12.8-12.8-12.8h-22.4c-6.4 0-12.8 6.4-12.8 12.8v230.4c0 6.4 6.4 12.8 12.8 12.8zm-192 0h22.4c6.4 0 12.8-6.4 12.8-12.8V140.8c0-6.4-6.4-12.8-12.8-12.8h-22.4c-6.4 0-12.8 6.4-12.8 12.8v198.4c0 6.4 6.4 12.8 12.8 12.8zm96 0h22.4c6.4 0 12.8-6.4 12.8-12.8V204.8c0-6.4-6.4-12.8-12.8-12.8h-22.4c-6.4 0-12.8 6.4-12.8 12.8v134.4c0 6.4 6.4 12.8 12.8 12.8zM496 400H48V80c0-8.84-7.16-16-16-16H16C7.16 64 0 71.16 0 80v336c0 17.67 14.33 32 32 32h464c8.84 0 16-7.16 16-16v-16c0-8.84-7.16-16-16-16zm-387.2-48h22.4c6.4 0 12.8-6.4 12.8-12.8v-70.4c0-6.4-6.4-12.8-12.8-12.8h-22.4c-6.4 0-12.8 6.4-12.8 12.8v70.4c0 6.4 6.4 12.8 12.8 12.8z\" class=\"\"><\/path><\/svg><\/i> <img loading=\"lazy\" decoding=\"async\" width=\"16\" height=\"16\" alt=\"Loading\" src=\"https:\/\/www.raccontinellarete.it\/301\/wp-content\/plugins\/page-views-count\/ajax-loader-2x.gif\" border=0 \/><\/p>\n<div class=\"pvc_clear\"><\/div>\n","protected":false},"author":3867,"featured_media":0,"comment_status":"open","ping_status":"closed","sticky":false,"template":"","format":"standard","meta":{"footnotes":""},"categories":[84],"tags":[],"class_list":["post-15891","post","type-post","status-publish","format-standard","hentry","category-premio-racconti-nella-rete-2013"],"_links":{"self":[{"href":"https:\/\/www.raccontinellarete.it\/index.php?rest_route=\/wp\/v2\/posts\/15891"}],"collection":[{"href":"https:\/\/www.raccontinellarete.it\/index.php?rest_route=\/wp\/v2\/posts"}],"about":[{"href":"https:\/\/www.raccontinellarete.it\/index.php?rest_route=\/wp\/v2\/types\/post"}],"author":[{"embeddable":true,"href":"https:\/\/www.raccontinellarete.it\/index.php?rest_route=\/wp\/v2\/users\/3867"}],"replies":[{"embeddable":true,"href":"https:\/\/www.raccontinellarete.it\/index.php?rest_route=%2Fwp%2Fv2%2Fcomments&post=15891"}],"version-history":[{"count":5,"href":"https:\/\/www.raccontinellarete.it\/index.php?rest_route=\/wp\/v2\/posts\/15891\/revisions"}],"predecessor-version":[{"id":15968,"href":"https:\/\/www.raccontinellarete.it\/index.php?rest_route=\/wp\/v2\/posts\/15891\/revisions\/15968"}],"wp:attachment":[{"href":"https:\/\/www.raccontinellarete.it\/index.php?rest_route=%2Fwp%2Fv2%2Fmedia&parent=15891"}],"wp:term":[{"taxonomy":"category","embeddable":true,"href":"https:\/\/www.raccontinellarete.it\/index.php?rest_route=%2Fwp%2Fv2%2Fcategories&post=15891"},{"taxonomy":"post_tag","embeddable":true,"href":"https:\/\/www.raccontinellarete.it\/index.php?rest_route=%2Fwp%2Fv2%2Ftags&post=15891"}],"curies":[{"name":"wp","href":"https:\/\/api.w.org\/{rel}","templated":true}]}}