{"id":15624,"date":"2013-05-29T17:14:36","date_gmt":"2013-05-29T16:14:36","guid":{"rendered":"http:\/\/www.raccontinellarete.it\/?p=15624"},"modified":"2013-05-29T17:14:36","modified_gmt":"2013-05-29T16:14:36","slug":"premio-racconti-nella-rete-2013-sogna-di-monica-varani","status":"publish","type":"post","link":"https:\/\/www.raccontinellarete.it\/?p=15624","title":{"rendered":"Premio Racconti nella Rete 2013 &#8220;Sogna&#8230;&#8221; di Monica Varani"},"content":{"rendered":"<p>Siamo ombre nel silenzio, delineate da paure ed insicurezze,<br \/>\nquesto fumo dell&#8217;esistere lentamente ci anestetizza ed ogni notte sfondiamo energicamente ed ansiosamente le porte del nostro io .. Per rompere questo torpore senza senso.<br \/>\nPortoni che si spalancano dentro di noi disegnando arcobaleni che osserviamo ogni volta con uno stupore sempre pi\u00f9 grande, il respiro quasi si annulla avvicinandoci sempre pi\u00f9 alla magnificenza di questi colori, come ipnotizzati dai contorni di questa realt\u00e0 ritardiamo sempre di pi\u00f9 il ritorno, ingordi di queste nuvole leggere di questo senso di pace ed armonia quasi sconosciuta ma cercata da sempre&#8230;e come un appuntamento con il nostro amato seppur senza volto viviamo nell&#8217;attesa che a noi si conceda, che ci abbracci e ci porti via con s\u00e8.<br \/>\nRespiriamo a pieni polmoni palpitando ad ogni secondo rubato e scivolato dalle vecchie lacrime cristallizzate e lasciate libere tra queste sfumature che sembrano senza fine&#8230;<br \/>\nAli senza tempo che si spiegano quasi orgogliose di mostrarsi a chi ancora crede, perch\u00e9 non debbano morire ma trovare chi possa asciugarle senza reprimerle, ogni sensazione trova il diritto di esserci ..e non la colpa; la serenit\u00e0 di cessare ..e non l&#8217;obbligo.<br \/>\nUn surrogato di realt\u00e0 che sposeremmo al posto di lasciarla definire illusione, quasi ad offenderla.<br \/>\nIl sogno \u00e8 una casa, una chiave, non conosce egoismo, raccoglie frammenti di infelicit\u00e0 regalandoci la magia di tramutarla in gioia ,\u00a0ci conosce ancor prima che\u00a0noi si\u00a0conosca lui; cresce insieme a\u00a0noi anche quando non riusciamo a dargli vita aspettando pazientemente di averci con s\u00e8 cancellando ogni crepa logori la\u00a0nostra anima.<br \/>\n\u00c8 opera della nostra creativit\u00e0 piegata dalle sofferenze che si libera come aria tra queste sbarre che nemmeno ammettiamo di avere.. e disordinando le nostre\u00a0priorit\u00e1 lascia liberi pensieri, emozioni e sentimenti per ricordarci che anche il caos ha un senso , un vortice di sensazioni che ci innalza lontani da quel che quasi non ricordiamo pi\u00f9&#8230;<\/p>\n<p>&nbsp;<\/p>\n<p>&nbsp;<\/p>\n<div class=\"pvc_clear\"><\/div>\n<p id=\"pvc_stats_15624\" class=\"pvc_stats all  \" data-element-id=\"15624\" style=\"\"><i class=\"pvc-stats-icon medium\" aria-hidden=\"true\"><svg aria-hidden=\"true\" focusable=\"false\" data-prefix=\"far\" data-icon=\"chart-bar\" role=\"img\" xmlns=\"http:\/\/www.w3.org\/2000\/svg\" viewBox=\"0 0 512 512\" class=\"svg-inline--fa fa-chart-bar fa-w-16 fa-2x\"><path fill=\"currentColor\" d=\"M396.8 352h22.4c6.4 0 12.8-6.4 12.8-12.8V108.8c0-6.4-6.4-12.8-12.8-12.8h-22.4c-6.4 0-12.8 6.4-12.8 12.8v230.4c0 6.4 6.4 12.8 12.8 12.8zm-192 0h22.4c6.4 0 12.8-6.4 12.8-12.8V140.8c0-6.4-6.4-12.8-12.8-12.8h-22.4c-6.4 0-12.8 6.4-12.8 12.8v198.4c0 6.4 6.4 12.8 12.8 12.8zm96 0h22.4c6.4 0 12.8-6.4 12.8-12.8V204.8c0-6.4-6.4-12.8-12.8-12.8h-22.4c-6.4 0-12.8 6.4-12.8 12.8v134.4c0 6.4 6.4 12.8 12.8 12.8zM496 400H48V80c0-8.84-7.16-16-16-16H16C7.16 64 0 71.16 0 80v336c0 17.67 14.33 32 32 32h464c8.84 0 16-7.16 16-16v-16c0-8.84-7.16-16-16-16zm-387.2-48h22.4c6.4 0 12.8-6.4 12.8-12.8v-70.4c0-6.4-6.4-12.8-12.8-12.8h-22.4c-6.4 0-12.8 6.4-12.8 12.8v70.4c0 6.4 6.4 12.8 12.8 12.8z\" class=\"\"><\/path><\/svg><\/i> <img loading=\"lazy\" decoding=\"async\" width=\"16\" height=\"16\" alt=\"Loading\" src=\"https:\/\/www.raccontinellarete.it\/301\/wp-content\/plugins\/page-views-count\/ajax-loader-2x.gif\" border=0 \/><\/p>\n<div class=\"pvc_clear\"><\/div>\n","protected":false},"excerpt":{"rendered":"<p>Siamo ombre nel silenzio, delineate da paure ed insicurezze, questo fumo dell&#8217;esistere lentamente ci anestetizza ed ogni notte sfondiamo energicamente ed ansiosamente le porte del nostro io .. Per rompere questo torpore senza senso. Portoni che si spalancano dentro di noi disegnando arcobaleni che osserviamo ogni volta con uno stupore sempre pi\u00f9 grande, il respiro [&hellip;]<\/p>\n<div class=\"pvc_clear\"><\/div>\n<p id=\"pvc_stats_15624\" class=\"pvc_stats all  \" data-element-id=\"15624\" style=\"\"><i class=\"pvc-stats-icon medium\" aria-hidden=\"true\"><svg aria-hidden=\"true\" focusable=\"false\" data-prefix=\"far\" data-icon=\"chart-bar\" role=\"img\" xmlns=\"http:\/\/www.w3.org\/2000\/svg\" viewBox=\"0 0 512 512\" class=\"svg-inline--fa fa-chart-bar fa-w-16 fa-2x\"><path fill=\"currentColor\" d=\"M396.8 352h22.4c6.4 0 12.8-6.4 12.8-12.8V108.8c0-6.4-6.4-12.8-12.8-12.8h-22.4c-6.4 0-12.8 6.4-12.8 12.8v230.4c0 6.4 6.4 12.8 12.8 12.8zm-192 0h22.4c6.4 0 12.8-6.4 12.8-12.8V140.8c0-6.4-6.4-12.8-12.8-12.8h-22.4c-6.4 0-12.8 6.4-12.8 12.8v198.4c0 6.4 6.4 12.8 12.8 12.8zm96 0h22.4c6.4 0 12.8-6.4 12.8-12.8V204.8c0-6.4-6.4-12.8-12.8-12.8h-22.4c-6.4 0-12.8 6.4-12.8 12.8v134.4c0 6.4 6.4 12.8 12.8 12.8zM496 400H48V80c0-8.84-7.16-16-16-16H16C7.16 64 0 71.16 0 80v336c0 17.67 14.33 32 32 32h464c8.84 0 16-7.16 16-16v-16c0-8.84-7.16-16-16-16zm-387.2-48h22.4c6.4 0 12.8-6.4 12.8-12.8v-70.4c0-6.4-6.4-12.8-12.8-12.8h-22.4c-6.4 0-12.8 6.4-12.8 12.8v70.4c0 6.4 6.4 12.8 12.8 12.8z\" class=\"\"><\/path><\/svg><\/i> <img loading=\"lazy\" decoding=\"async\" width=\"16\" height=\"16\" alt=\"Loading\" src=\"https:\/\/www.raccontinellarete.it\/301\/wp-content\/plugins\/page-views-count\/ajax-loader-2x.gif\" border=0 \/><\/p>\n<div class=\"pvc_clear\"><\/div>\n","protected":false},"author":3830,"featured_media":0,"comment_status":"open","ping_status":"closed","sticky":false,"template":"","format":"standard","meta":{"footnotes":""},"categories":[84],"tags":[],"class_list":["post-15624","post","type-post","status-publish","format-standard","hentry","category-premio-racconti-nella-rete-2013"],"_links":{"self":[{"href":"https:\/\/www.raccontinellarete.it\/index.php?rest_route=\/wp\/v2\/posts\/15624"}],"collection":[{"href":"https:\/\/www.raccontinellarete.it\/index.php?rest_route=\/wp\/v2\/posts"}],"about":[{"href":"https:\/\/www.raccontinellarete.it\/index.php?rest_route=\/wp\/v2\/types\/post"}],"author":[{"embeddable":true,"href":"https:\/\/www.raccontinellarete.it\/index.php?rest_route=\/wp\/v2\/users\/3830"}],"replies":[{"embeddable":true,"href":"https:\/\/www.raccontinellarete.it\/index.php?rest_route=%2Fwp%2Fv2%2Fcomments&post=15624"}],"version-history":[{"count":4,"href":"https:\/\/www.raccontinellarete.it\/index.php?rest_route=\/wp\/v2\/posts\/15624\/revisions"}],"predecessor-version":[{"id":15629,"href":"https:\/\/www.raccontinellarete.it\/index.php?rest_route=\/wp\/v2\/posts\/15624\/revisions\/15629"}],"wp:attachment":[{"href":"https:\/\/www.raccontinellarete.it\/index.php?rest_route=%2Fwp%2Fv2%2Fmedia&parent=15624"}],"wp:term":[{"taxonomy":"category","embeddable":true,"href":"https:\/\/www.raccontinellarete.it\/index.php?rest_route=%2Fwp%2Fv2%2Fcategories&post=15624"},{"taxonomy":"post_tag","embeddable":true,"href":"https:\/\/www.raccontinellarete.it\/index.php?rest_route=%2Fwp%2Fv2%2Ftags&post=15624"}],"curies":[{"name":"wp","href":"https:\/\/api.w.org\/{rel}","templated":true}]}}