{"id":15226,"date":"2013-05-26T11:47:19","date_gmt":"2013-05-26T10:47:19","guid":{"rendered":"http:\/\/www.raccontinellarete.it\/?p=15226"},"modified":"2013-05-26T11:47:19","modified_gmt":"2013-05-26T10:47:19","slug":"premio-racconti-nella-rete-2013-la-ninna-nanna-di-giuliana-moro","status":"publish","type":"post","link":"https:\/\/www.raccontinellarete.it\/?p=15226","title":{"rendered":"Premio Racconti nella Rete 2013 &#8220;La ninna nanna&#8221; di Giuliana Moro"},"content":{"rendered":"<p>I capelli neri intrecciati tra di loro e con fili di seta colorati, raccolti da un nastro di velluto rosso, incorniciano un viso largo e giovane. Pelle luminosa color cioccolata, occhi grandi da gazzella, liquidi e morbidi.<\/p>\n<p>Seduta sulla sedia, dondola il grande corpo, la sua guancia appoggiata ai capelli del bambino, la bocca a sfiorargli la tempia.<\/p>\n<p>Il piccolo \u00e8 seduto cavalcioni di lei, un braccio proteso ad abbracciarla ma la mano aperta a ventaglio arriva appena a percorrere la curva del fianco, l\u2019altra mano infilata sotto la camicetta a toccare il florido seno.<\/p>\n<p>Lei lo sorregge con le sue mani anch\u2019esse intrecciate l\u2019una all\u2019altra e insieme lo raccolgono e lo avvolgono a s\u00e9, due corpi che sembrano uno solo.<\/p>\n<p>Ogni tanto lei si ricompone ch\u00e8 la mano del piccolo percorre a tratti nervosi e scomposti tutta la grande rotondit\u00e0 della mammella e sollevando il tessuto scopre la pelle ambrata.<\/p>\n<p>Il piccolo, due o tre anni, capelli ricci; il profilo \u00e8 una guancia rotonda e labbra sporgenti. Emette suoni brevi e lamentosi come un pulcino. A tratti chiude gli occhi, immerso in un torpore accogliente.<\/p>\n<p>Il profilo da pulcino ha una smorfia di pianto. Lei allora intona una nenia, un ninna nanna.<\/p>\n<p>Il dondolio del corpo enorme si fa pi\u00f9 evidente.<\/p>\n<p>Il profilo ha un sorriso rassicurato, la mano di lui sotto il tessuto di cotone azzurro si muove in una carezza.<\/p>\n<p>Lei canta, piano, un sussurro, un sospiro, un\u2019intima confidenza.<\/p>\n<p>&nbsp;<\/p>\n<p>La finestra manda la luce opaca di un giorno malinconico, senza sole, ma la grigia saletta dell\u2019ospedale diventa un prato, un giardino dove correre e far volare gli aquiloni, il profilo da pulcino a guardare in alto, dentro il cielo.<\/p>\n<p>&nbsp;<\/p>\n<p>Lei mi guarda e chiede se disturba. Le dico di no, che anzi continui a sussurrare parole in quella lingua che non conosco ma che culla anche me, perch\u00e8 quell\u2019immagine di maternit\u00e0 immensa e dolente \u00e8 quanto di pi\u00f9 bello e struggente si possa vedere, si possa sentire, in questo posto.<\/p>\n<p>&nbsp;<\/p>\n<p>\u201cHa male dentro la testa\u201d dice, mentre gli accarezza i riccioli, adagio. Dentro allo sguardo uno sgomento sordo; la fiera corazza, a difesa del suo cucciolo in pericolo, si incrina, mentre le lacrime si increspano sul bordo degli occhi, riflettono la luce della lampada al neon, ma non scendono.<\/p>\n<p>&nbsp;<\/p>\n<p>Quando la chiamano e si alza lei \u00e8 ancora pi\u00f9 grande ed il piccolo ancora pi\u00f9 minuto. Scompaiono dietro la porta dove c\u2019\u00e8 la macchina che guarder\u00e0 cosa c\u2019\u00e8 dentro la testa.<\/p>\n<p>&nbsp;<\/p>\n<p>La saletta \u00e8 ridiventata spenta, i muri bianchi con le locandine dei convegni scientifici, le sedie di plastica incolore.<\/p>\n<p>&nbsp;<\/p>\n<p>Rimane nell\u2019angolo qualche nota della ninna nanna, una frase non conclusa, un ritornello interrotto, sospesa nell\u2019aria immobile. In attesa che una mamma la riprenda e la faccia volare in alto.<\/p>\n<div class=\"pvc_clear\"><\/div>\n<p id=\"pvc_stats_15226\" class=\"pvc_stats all  \" data-element-id=\"15226\" style=\"\"><i class=\"pvc-stats-icon medium\" aria-hidden=\"true\"><svg aria-hidden=\"true\" focusable=\"false\" data-prefix=\"far\" data-icon=\"chart-bar\" role=\"img\" xmlns=\"http:\/\/www.w3.org\/2000\/svg\" viewBox=\"0 0 512 512\" class=\"svg-inline--fa fa-chart-bar fa-w-16 fa-2x\"><path fill=\"currentColor\" d=\"M396.8 352h22.4c6.4 0 12.8-6.4 12.8-12.8V108.8c0-6.4-6.4-12.8-12.8-12.8h-22.4c-6.4 0-12.8 6.4-12.8 12.8v230.4c0 6.4 6.4 12.8 12.8 12.8zm-192 0h22.4c6.4 0 12.8-6.4 12.8-12.8V140.8c0-6.4-6.4-12.8-12.8-12.8h-22.4c-6.4 0-12.8 6.4-12.8 12.8v198.4c0 6.4 6.4 12.8 12.8 12.8zm96 0h22.4c6.4 0 12.8-6.4 12.8-12.8V204.8c0-6.4-6.4-12.8-12.8-12.8h-22.4c-6.4 0-12.8 6.4-12.8 12.8v134.4c0 6.4 6.4 12.8 12.8 12.8zM496 400H48V80c0-8.84-7.16-16-16-16H16C7.16 64 0 71.16 0 80v336c0 17.67 14.33 32 32 32h464c8.84 0 16-7.16 16-16v-16c0-8.84-7.16-16-16-16zm-387.2-48h22.4c6.4 0 12.8-6.4 12.8-12.8v-70.4c0-6.4-6.4-12.8-12.8-12.8h-22.4c-6.4 0-12.8 6.4-12.8 12.8v70.4c0 6.4 6.4 12.8 12.8 12.8z\" class=\"\"><\/path><\/svg><\/i> <img loading=\"lazy\" decoding=\"async\" width=\"16\" height=\"16\" alt=\"Loading\" src=\"https:\/\/www.raccontinellarete.it\/301\/wp-content\/plugins\/page-views-count\/ajax-loader-2x.gif\" border=0 \/><\/p>\n<div class=\"pvc_clear\"><\/div>\n","protected":false},"excerpt":{"rendered":"<p>I capelli neri intrecciati tra di loro e con fili di seta colorati, raccolti da un nastro di velluto rosso, incorniciano un viso largo e giovane. Pelle luminosa color cioccolata, occhi grandi da gazzella, liquidi e morbidi. Seduta sulla sedia, dondola il grande corpo, la sua guancia appoggiata ai capelli del bambino, la bocca a [&hellip;]<\/p>\n<div class=\"pvc_clear\"><\/div>\n<p id=\"pvc_stats_15226\" class=\"pvc_stats all  \" data-element-id=\"15226\" style=\"\"><i class=\"pvc-stats-icon medium\" aria-hidden=\"true\"><svg aria-hidden=\"true\" focusable=\"false\" data-prefix=\"far\" data-icon=\"chart-bar\" role=\"img\" xmlns=\"http:\/\/www.w3.org\/2000\/svg\" viewBox=\"0 0 512 512\" class=\"svg-inline--fa fa-chart-bar fa-w-16 fa-2x\"><path fill=\"currentColor\" d=\"M396.8 352h22.4c6.4 0 12.8-6.4 12.8-12.8V108.8c0-6.4-6.4-12.8-12.8-12.8h-22.4c-6.4 0-12.8 6.4-12.8 12.8v230.4c0 6.4 6.4 12.8 12.8 12.8zm-192 0h22.4c6.4 0 12.8-6.4 12.8-12.8V140.8c0-6.4-6.4-12.8-12.8-12.8h-22.4c-6.4 0-12.8 6.4-12.8 12.8v198.4c0 6.4 6.4 12.8 12.8 12.8zm96 0h22.4c6.4 0 12.8-6.4 12.8-12.8V204.8c0-6.4-6.4-12.8-12.8-12.8h-22.4c-6.4 0-12.8 6.4-12.8 12.8v134.4c0 6.4 6.4 12.8 12.8 12.8zM496 400H48V80c0-8.84-7.16-16-16-16H16C7.16 64 0 71.16 0 80v336c0 17.67 14.33 32 32 32h464c8.84 0 16-7.16 16-16v-16c0-8.84-7.16-16-16-16zm-387.2-48h22.4c6.4 0 12.8-6.4 12.8-12.8v-70.4c0-6.4-6.4-12.8-12.8-12.8h-22.4c-6.4 0-12.8 6.4-12.8 12.8v70.4c0 6.4 6.4 12.8 12.8 12.8z\" class=\"\"><\/path><\/svg><\/i> <img loading=\"lazy\" decoding=\"async\" width=\"16\" height=\"16\" alt=\"Loading\" src=\"https:\/\/www.raccontinellarete.it\/301\/wp-content\/plugins\/page-views-count\/ajax-loader-2x.gif\" border=0 \/><\/p>\n<div class=\"pvc_clear\"><\/div>\n","protected":false},"author":119,"featured_media":0,"comment_status":"open","ping_status":"closed","sticky":false,"template":"","format":"standard","meta":{"footnotes":""},"categories":[84],"tags":[],"class_list":["post-15226","post","type-post","status-publish","format-standard","hentry","category-premio-racconti-nella-rete-2013"],"_links":{"self":[{"href":"https:\/\/www.raccontinellarete.it\/index.php?rest_route=\/wp\/v2\/posts\/15226"}],"collection":[{"href":"https:\/\/www.raccontinellarete.it\/index.php?rest_route=\/wp\/v2\/posts"}],"about":[{"href":"https:\/\/www.raccontinellarete.it\/index.php?rest_route=\/wp\/v2\/types\/post"}],"author":[{"embeddable":true,"href":"https:\/\/www.raccontinellarete.it\/index.php?rest_route=\/wp\/v2\/users\/119"}],"replies":[{"embeddable":true,"href":"https:\/\/www.raccontinellarete.it\/index.php?rest_route=%2Fwp%2Fv2%2Fcomments&post=15226"}],"version-history":[{"count":3,"href":"https:\/\/www.raccontinellarete.it\/index.php?rest_route=\/wp\/v2\/posts\/15226\/revisions"}],"predecessor-version":[{"id":15230,"href":"https:\/\/www.raccontinellarete.it\/index.php?rest_route=\/wp\/v2\/posts\/15226\/revisions\/15230"}],"wp:attachment":[{"href":"https:\/\/www.raccontinellarete.it\/index.php?rest_route=%2Fwp%2Fv2%2Fmedia&parent=15226"}],"wp:term":[{"taxonomy":"category","embeddable":true,"href":"https:\/\/www.raccontinellarete.it\/index.php?rest_route=%2Fwp%2Fv2%2Fcategories&post=15226"},{"taxonomy":"post_tag","embeddable":true,"href":"https:\/\/www.raccontinellarete.it\/index.php?rest_route=%2Fwp%2Fv2%2Ftags&post=15226"}],"curies":[{"name":"wp","href":"https:\/\/api.w.org\/{rel}","templated":true}]}}