{"id":15185,"date":"2013-05-24T18:11:34","date_gmt":"2013-05-24T17:11:34","guid":{"rendered":"http:\/\/www.raccontinellarete.it\/?p=15185"},"modified":"2013-05-25T18:57:31","modified_gmt":"2013-05-25T17:57:31","slug":"premio-racconti-per-corti-2013-il-coraggio-uno-non-se-lo-puo-dare-di-delia-mazzocchi","status":"publish","type":"post","link":"https:\/\/www.raccontinellarete.it\/?p=15185","title":{"rendered":"Premio Racconti per Corti 2013 &#8220;Il coraggio uno non se lo pu\u00f2 dare&#8221; di Delia Mazzocchi"},"content":{"rendered":"<p>E\u2019 notte. In una strada secondaria di Lucca un edicolante chiude il negozio e si accorge che si \u00e8 rotto un infisso. Abbassa la serranda, ma rientra dal retro per prendere la cassetta degli attrezzi.<\/p>\n<p>All\u2019improvviso sente due colpi di pistola e lo stridere di una moto sull\u2019asfalto.<br \/>\nSi abbassa istintivamente e tra le stecche della saracinesca vede con chiarezza il volto di un uomo che si allontana lasciando un cadavere sull\u2019asfalto.<\/p>\n<p>Nel silenzio che segue l\u2019edicolante trova la forza di andare a casa. Trema, \u00e8 sconvolto. La moglie, preoccupata, lo interroga in modo incalzante, ma lui non d\u00e0 spiegazioni.<\/p>\n<p>Il giorno seguente i giornali raccontano di una rapina a Lucca, avvenuta per mano di un uomo molto violento e gi\u00e0 noto per le sue braverie. Quando legge il nome della vittima, l\u2019edicolante quasi perde i sensi. Passava spesso dalla sua edicola e aveva un figlio.<\/p>\n<p>Nei giorni successivi l\u2019uomo vive in uno stato angosciato di lotta continua tra la paura nei confronti dell\u2019assassino e il senso di colpa per non avere testimoniato. Non riesce neppure a nascondersi dal rimorso visto che i titoli dei giornali che distribuisce lo richiamano alla realt\u00e0. La paura, per\u00f2, prevale sempre. Non \u00e8 pi\u00f9 lo stesso, la sua vita \u00e8 cambiata. La moglie, non comprendendo il suo drammatico mutamento, lo lascia.<\/p>\n<p>Passano gli anni, tutti uguali e in solitudine. Di quando in quando il malvivente passa all\u2019 edicola per comprare il quotidiano. L\u2019edicolante gli da il giornale, ritira i soldi, li mette in un sacchetto separato dalla cassa, si lava le mani, sputa per terra e periodicamente porta il sacchettino in chiesa. Niente pi\u00f9 di questo per\u00f2. E ogni volta il senso di colpa gli prende le budella e lo fa stare male.<\/p>\n<p>Una mattina un giovane si presenta all\u2019edicola e compra il quotidiano. Dopo un attimo l\u2019edicolante riconosce gli occhi e i capelli ricci di quello che era stato il bambino della vittima. Il giovanotto ritira il giornale, ringrazia e gli sorride. E\u2019 ben vestito e porta con s\u00e9 una ventiquattro ore. Per pagare appoggia sulle riviste in esposizione un fascicolo che tiene tra le mani. L\u2019edicolante legge il nome di uno studio legale, ritira i soldi e rimane l\u00ec a fissarlo mentre si allontana.Non mette le monete in cassa, le guarda per un po\u2019, se le infila in tasca e continua a fissare la strada per qualche minuto giocherellando distrattamente con le monete. Poi, quasi con rassegnazione, fa un profondo respiro, chiude il negozio e se ne va.<\/p>\n<p>Nella grande sala di ricevimento clienti di uno studio legale un giovane avvocato guarda lo sconosciuto che ha davanti. E\u2019 imbarazzato, suda e giocherella con alcune monete. &#8211; Voglio fare una deposizione ai carabinieri, &#8211; dice. \u2013 Ho bisogno di un avvocato.<\/p>\n<div class=\"pvc_clear\"><\/div>\n<p id=\"pvc_stats_15185\" class=\"pvc_stats all  \" data-element-id=\"15185\" style=\"\"><i class=\"pvc-stats-icon medium\" aria-hidden=\"true\"><svg aria-hidden=\"true\" focusable=\"false\" data-prefix=\"far\" data-icon=\"chart-bar\" role=\"img\" xmlns=\"http:\/\/www.w3.org\/2000\/svg\" viewBox=\"0 0 512 512\" class=\"svg-inline--fa fa-chart-bar fa-w-16 fa-2x\"><path fill=\"currentColor\" d=\"M396.8 352h22.4c6.4 0 12.8-6.4 12.8-12.8V108.8c0-6.4-6.4-12.8-12.8-12.8h-22.4c-6.4 0-12.8 6.4-12.8 12.8v230.4c0 6.4 6.4 12.8 12.8 12.8zm-192 0h22.4c6.4 0 12.8-6.4 12.8-12.8V140.8c0-6.4-6.4-12.8-12.8-12.8h-22.4c-6.4 0-12.8 6.4-12.8 12.8v198.4c0 6.4 6.4 12.8 12.8 12.8zm96 0h22.4c6.4 0 12.8-6.4 12.8-12.8V204.8c0-6.4-6.4-12.8-12.8-12.8h-22.4c-6.4 0-12.8 6.4-12.8 12.8v134.4c0 6.4 6.4 12.8 12.8 12.8zM496 400H48V80c0-8.84-7.16-16-16-16H16C7.16 64 0 71.16 0 80v336c0 17.67 14.33 32 32 32h464c8.84 0 16-7.16 16-16v-16c0-8.84-7.16-16-16-16zm-387.2-48h22.4c6.4 0 12.8-6.4 12.8-12.8v-70.4c0-6.4-6.4-12.8-12.8-12.8h-22.4c-6.4 0-12.8 6.4-12.8 12.8v70.4c0 6.4 6.4 12.8 12.8 12.8z\" class=\"\"><\/path><\/svg><\/i> <img loading=\"lazy\" decoding=\"async\" width=\"16\" height=\"16\" alt=\"Loading\" src=\"https:\/\/www.raccontinellarete.it\/301\/wp-content\/plugins\/page-views-count\/ajax-loader-2x.gif\" border=0 \/><\/p>\n<div class=\"pvc_clear\"><\/div>\n","protected":false},"excerpt":{"rendered":"<p>E\u2019 notte. In una strada secondaria di Lucca un edicolante chiude il negozio e si accorge che si \u00e8 rotto un infisso. Abbassa la serranda, ma rientra dal retro per prendere la cassetta degli attrezzi. All\u2019improvviso sente due colpi di pistola e lo stridere di una moto sull\u2019asfalto. Si abbassa istintivamente e tra le stecche [&hellip;]<\/p>\n<div class=\"pvc_clear\"><\/div>\n<p id=\"pvc_stats_15185\" class=\"pvc_stats all  \" data-element-id=\"15185\" style=\"\"><i class=\"pvc-stats-icon medium\" aria-hidden=\"true\"><svg aria-hidden=\"true\" focusable=\"false\" data-prefix=\"far\" data-icon=\"chart-bar\" role=\"img\" xmlns=\"http:\/\/www.w3.org\/2000\/svg\" viewBox=\"0 0 512 512\" class=\"svg-inline--fa fa-chart-bar fa-w-16 fa-2x\"><path fill=\"currentColor\" d=\"M396.8 352h22.4c6.4 0 12.8-6.4 12.8-12.8V108.8c0-6.4-6.4-12.8-12.8-12.8h-22.4c-6.4 0-12.8 6.4-12.8 12.8v230.4c0 6.4 6.4 12.8 12.8 12.8zm-192 0h22.4c6.4 0 12.8-6.4 12.8-12.8V140.8c0-6.4-6.4-12.8-12.8-12.8h-22.4c-6.4 0-12.8 6.4-12.8 12.8v198.4c0 6.4 6.4 12.8 12.8 12.8zm96 0h22.4c6.4 0 12.8-6.4 12.8-12.8V204.8c0-6.4-6.4-12.8-12.8-12.8h-22.4c-6.4 0-12.8 6.4-12.8 12.8v134.4c0 6.4 6.4 12.8 12.8 12.8zM496 400H48V80c0-8.84-7.16-16-16-16H16C7.16 64 0 71.16 0 80v336c0 17.67 14.33 32 32 32h464c8.84 0 16-7.16 16-16v-16c0-8.84-7.16-16-16-16zm-387.2-48h22.4c6.4 0 12.8-6.4 12.8-12.8v-70.4c0-6.4-6.4-12.8-12.8-12.8h-22.4c-6.4 0-12.8 6.4-12.8 12.8v70.4c0 6.4 6.4 12.8 12.8 12.8z\" class=\"\"><\/path><\/svg><\/i> <img loading=\"lazy\" decoding=\"async\" width=\"16\" height=\"16\" alt=\"Loading\" src=\"https:\/\/www.raccontinellarete.it\/301\/wp-content\/plugins\/page-views-count\/ajax-loader-2x.gif\" border=0 \/><\/p>\n<div class=\"pvc_clear\"><\/div>\n","protected":false},"author":3721,"featured_media":0,"comment_status":"open","ping_status":"closed","sticky":false,"template":"","format":"standard","meta":{"footnotes":""},"categories":[85],"tags":[],"class_list":["post-15185","post","type-post","status-publish","format-standard","hentry","category-premio-racconti-per-corti-2013"],"_links":{"self":[{"href":"https:\/\/www.raccontinellarete.it\/index.php?rest_route=\/wp\/v2\/posts\/15185"}],"collection":[{"href":"https:\/\/www.raccontinellarete.it\/index.php?rest_route=\/wp\/v2\/posts"}],"about":[{"href":"https:\/\/www.raccontinellarete.it\/index.php?rest_route=\/wp\/v2\/types\/post"}],"author":[{"embeddable":true,"href":"https:\/\/www.raccontinellarete.it\/index.php?rest_route=\/wp\/v2\/users\/3721"}],"replies":[{"embeddable":true,"href":"https:\/\/www.raccontinellarete.it\/index.php?rest_route=%2Fwp%2Fv2%2Fcomments&post=15185"}],"version-history":[{"count":5,"href":"https:\/\/www.raccontinellarete.it\/index.php?rest_route=\/wp\/v2\/posts\/15185\/revisions"}],"predecessor-version":[{"id":15189,"href":"https:\/\/www.raccontinellarete.it\/index.php?rest_route=\/wp\/v2\/posts\/15185\/revisions\/15189"}],"wp:attachment":[{"href":"https:\/\/www.raccontinellarete.it\/index.php?rest_route=%2Fwp%2Fv2%2Fmedia&parent=15185"}],"wp:term":[{"taxonomy":"category","embeddable":true,"href":"https:\/\/www.raccontinellarete.it\/index.php?rest_route=%2Fwp%2Fv2%2Fcategories&post=15185"},{"taxonomy":"post_tag","embeddable":true,"href":"https:\/\/www.raccontinellarete.it\/index.php?rest_route=%2Fwp%2Fv2%2Ftags&post=15185"}],"curies":[{"name":"wp","href":"https:\/\/api.w.org\/{rel}","templated":true}]}}