{"id":15052,"date":"2013-05-23T16:20:19","date_gmt":"2013-05-23T15:20:19","guid":{"rendered":"http:\/\/www.raccontinellarete.it\/?p=15052"},"modified":"2013-05-23T16:20:19","modified_gmt":"2013-05-23T15:20:19","slug":"premio-racconti-per-corti-2013-per-un-pugno-di-ulivo-di-matteo-agamennone","status":"publish","type":"post","link":"https:\/\/www.raccontinellarete.it\/?p=15052","title":{"rendered":"Premio Racconti per Corti 2013 &#8220;Per un pugno di ulivo&#8221; di Matteo Agamennone"},"content":{"rendered":"<p>Tutto comincia in una tranquilla cittadina di provincia, un pomeriggio assolato di sabato, quello che precede la domenica delle palme; in un giardinetto antistante ad una chiesa, vicino alla stazione, come ogni anno, viene distribuito gratuitamente un rametto d\u2019ulivo, simbolo di pace e resurrezione\u2026<\/p>\n<p>i cittadini bene si accodano posati ed educati davanti al cancello, scambiandosi battute da salotto e leggerezze di alto livello: troviamo le tre amiche di shopping e gossip, attempate e imbellettate, un\u2019anziana di chiesa curva e ricurva, una madre succube del tempo e della chirurgia plastica e una figlia succube della madre, un uomo distinto, con il farfallino con al guinzaglio una prestigiosa medaglietta intorno al collo di un cagnolino, una nonnina col nipotino, un uomo affannato e sudato che pi\u00f9 non si pu\u00f2 al telefono con la moglie \u2013 cap\u00f2 e chi pi\u00f9 ne ha ne metta\u2026<\/p>\n<p>il sole \u00e8 sulla via del tramonto, il momento tanto atteso \u00e8 finalmente giunto, la fila lievitata scalpita garbata, il vociare continuo e fittizio scema in un religioso silenzio, i due fortunati giardinieri selezionati per la distribuzione si guardano negli occhi con una paura atroce, si fanno il segno della croce e aprono il cancello veloce\u2026<\/p>\n<p>la fila delle vacuit\u00e0, ordinata come un gregge, entra nel cortiletto e in un clima di grande pace e rispetto tutti prendono il loro rametto\u2026<\/p>\n<p>uno scavalco di fila, abile e agile, un presunto ramoscello pi\u00f9 bello di un altro e in un attimo scoppia la solita guerra in \u2013 civile\u2026 la vanit\u00e0, la dignit\u00e0, l\u2019umanit\u00e0 vengono calpestate per la conquista del rametto migliore, quello verde ma non troppo verde, quello con pi\u00f9 foglie ma non troppe foglie, quello pi\u00f9 ulivo ma non troppo ulivo..insomma quello pi\u00f9 bello solo perch\u00e9 di un altro: e allora amicizie di facciata finiscono a schiaffi in faccia, legami di sangue sfociano nel sangue, anziani, bambini, animali senza alcuna eccezione se le danno di santa ragione\u2026botte, sangue, violenza al\u00e8 al\u00e8\u2026perch\u00e9 si sa il rametto del vicino sempre quello pi\u00f9 verde \u00e8\u2026<\/p>\n<p>lo scontro termina, senza nessun vincitore e tutti vinti, senza nessuna bandiera bianca di resa concessa ma solo una incolore del niente \u00e8 successo e quindi le tre amiche di paese e spese, la nonnina col nipotino, la madre rifatta e disfatta con la figlia tumefatta, l\u2019uomo con il cane, l\u2019uomo con il cellulare, l\u2019anziana sopravvissuta e non abbattuta si alzano, si scrollano di dosso la cenere e la polvere, si danno una sistemata ai vestiti sgualciti e tornano alle loro case con nonchalance, sciatti e soddisfatti, con in mano il loro rametto d\u2019ulivo tutto rovinato e ciancicato, scambiandosi battute pacate e garbate, pronti a replicare l\u2019anno seguente, pi\u00f9 infervorati ed educati che mai.<\/p>\n<p>Tratto da una storia vera.<\/p>\n<p>&nbsp;<\/p>\n<p>&nbsp;<\/p>\n<div class=\"pvc_clear\"><\/div>\n<p id=\"pvc_stats_15052\" class=\"pvc_stats all  \" data-element-id=\"15052\" style=\"\"><i class=\"pvc-stats-icon medium\" aria-hidden=\"true\"><svg aria-hidden=\"true\" focusable=\"false\" data-prefix=\"far\" data-icon=\"chart-bar\" role=\"img\" xmlns=\"http:\/\/www.w3.org\/2000\/svg\" viewBox=\"0 0 512 512\" class=\"svg-inline--fa fa-chart-bar fa-w-16 fa-2x\"><path fill=\"currentColor\" d=\"M396.8 352h22.4c6.4 0 12.8-6.4 12.8-12.8V108.8c0-6.4-6.4-12.8-12.8-12.8h-22.4c-6.4 0-12.8 6.4-12.8 12.8v230.4c0 6.4 6.4 12.8 12.8 12.8zm-192 0h22.4c6.4 0 12.8-6.4 12.8-12.8V140.8c0-6.4-6.4-12.8-12.8-12.8h-22.4c-6.4 0-12.8 6.4-12.8 12.8v198.4c0 6.4 6.4 12.8 12.8 12.8zm96 0h22.4c6.4 0 12.8-6.4 12.8-12.8V204.8c0-6.4-6.4-12.8-12.8-12.8h-22.4c-6.4 0-12.8 6.4-12.8 12.8v134.4c0 6.4 6.4 12.8 12.8 12.8zM496 400H48V80c0-8.84-7.16-16-16-16H16C7.16 64 0 71.16 0 80v336c0 17.67 14.33 32 32 32h464c8.84 0 16-7.16 16-16v-16c0-8.84-7.16-16-16-16zm-387.2-48h22.4c6.4 0 12.8-6.4 12.8-12.8v-70.4c0-6.4-6.4-12.8-12.8-12.8h-22.4c-6.4 0-12.8 6.4-12.8 12.8v70.4c0 6.4 6.4 12.8 12.8 12.8z\" class=\"\"><\/path><\/svg><\/i> <img loading=\"lazy\" decoding=\"async\" width=\"16\" height=\"16\" alt=\"Loading\" src=\"https:\/\/www.raccontinellarete.it\/301\/wp-content\/plugins\/page-views-count\/ajax-loader-2x.gif\" border=0 \/><\/p>\n<div class=\"pvc_clear\"><\/div>\n","protected":false},"excerpt":{"rendered":"<p>Tutto comincia in una tranquilla cittadina di provincia, un pomeriggio assolato di sabato, quello che precede la domenica delle palme; in un giardinetto antistante ad una chiesa, vicino alla stazione, come ogni anno, viene distribuito gratuitamente un rametto d\u2019ulivo, simbolo di pace e resurrezione\u2026 i cittadini bene si accodano posati ed educati davanti al cancello, [&hellip;]<\/p>\n<div class=\"pvc_clear\"><\/div>\n<p id=\"pvc_stats_15052\" class=\"pvc_stats all  \" data-element-id=\"15052\" style=\"\"><i class=\"pvc-stats-icon medium\" aria-hidden=\"true\"><svg aria-hidden=\"true\" focusable=\"false\" data-prefix=\"far\" data-icon=\"chart-bar\" role=\"img\" xmlns=\"http:\/\/www.w3.org\/2000\/svg\" viewBox=\"0 0 512 512\" class=\"svg-inline--fa fa-chart-bar fa-w-16 fa-2x\"><path fill=\"currentColor\" d=\"M396.8 352h22.4c6.4 0 12.8-6.4 12.8-12.8V108.8c0-6.4-6.4-12.8-12.8-12.8h-22.4c-6.4 0-12.8 6.4-12.8 12.8v230.4c0 6.4 6.4 12.8 12.8 12.8zm-192 0h22.4c6.4 0 12.8-6.4 12.8-12.8V140.8c0-6.4-6.4-12.8-12.8-12.8h-22.4c-6.4 0-12.8 6.4-12.8 12.8v198.4c0 6.4 6.4 12.8 12.8 12.8zm96 0h22.4c6.4 0 12.8-6.4 12.8-12.8V204.8c0-6.4-6.4-12.8-12.8-12.8h-22.4c-6.4 0-12.8 6.4-12.8 12.8v134.4c0 6.4 6.4 12.8 12.8 12.8zM496 400H48V80c0-8.84-7.16-16-16-16H16C7.16 64 0 71.16 0 80v336c0 17.67 14.33 32 32 32h464c8.84 0 16-7.16 16-16v-16c0-8.84-7.16-16-16-16zm-387.2-48h22.4c6.4 0 12.8-6.4 12.8-12.8v-70.4c0-6.4-6.4-12.8-12.8-12.8h-22.4c-6.4 0-12.8 6.4-12.8 12.8v70.4c0 6.4 6.4 12.8 12.8 12.8z\" class=\"\"><\/path><\/svg><\/i> <img loading=\"lazy\" decoding=\"async\" width=\"16\" height=\"16\" alt=\"Loading\" src=\"https:\/\/www.raccontinellarete.it\/301\/wp-content\/plugins\/page-views-count\/ajax-loader-2x.gif\" border=0 \/><\/p>\n<div class=\"pvc_clear\"><\/div>\n","protected":false},"author":3692,"featured_media":0,"comment_status":"open","ping_status":"closed","sticky":false,"template":"","format":"standard","meta":{"footnotes":""},"categories":[85],"tags":[],"class_list":["post-15052","post","type-post","status-publish","format-standard","hentry","category-premio-racconti-per-corti-2013"],"_links":{"self":[{"href":"https:\/\/www.raccontinellarete.it\/index.php?rest_route=\/wp\/v2\/posts\/15052"}],"collection":[{"href":"https:\/\/www.raccontinellarete.it\/index.php?rest_route=\/wp\/v2\/posts"}],"about":[{"href":"https:\/\/www.raccontinellarete.it\/index.php?rest_route=\/wp\/v2\/types\/post"}],"author":[{"embeddable":true,"href":"https:\/\/www.raccontinellarete.it\/index.php?rest_route=\/wp\/v2\/users\/3692"}],"replies":[{"embeddable":true,"href":"https:\/\/www.raccontinellarete.it\/index.php?rest_route=%2Fwp%2Fv2%2Fcomments&post=15052"}],"version-history":[{"count":4,"href":"https:\/\/www.raccontinellarete.it\/index.php?rest_route=\/wp\/v2\/posts\/15052\/revisions"}],"predecessor-version":[{"id":15054,"href":"https:\/\/www.raccontinellarete.it\/index.php?rest_route=\/wp\/v2\/posts\/15052\/revisions\/15054"}],"wp:attachment":[{"href":"https:\/\/www.raccontinellarete.it\/index.php?rest_route=%2Fwp%2Fv2%2Fmedia&parent=15052"}],"wp:term":[{"taxonomy":"category","embeddable":true,"href":"https:\/\/www.raccontinellarete.it\/index.php?rest_route=%2Fwp%2Fv2%2Fcategories&post=15052"},{"taxonomy":"post_tag","embeddable":true,"href":"https:\/\/www.raccontinellarete.it\/index.php?rest_route=%2Fwp%2Fv2%2Ftags&post=15052"}],"curies":[{"name":"wp","href":"https:\/\/api.w.org\/{rel}","templated":true}]}}