{"id":15038,"date":"2013-05-22T10:08:12","date_gmt":"2013-05-22T09:08:12","guid":{"rendered":"http:\/\/www.raccontinellarete.it\/?p=15038"},"modified":"2013-05-22T10:08:12","modified_gmt":"2013-05-22T09:08:12","slug":"premio-racconti-nella-rete-2013-la-maestra-ladra-di-irene-mosino-carastro","status":"publish","type":"post","link":"https:\/\/www.raccontinellarete.it\/?p=15038","title":{"rendered":"Premio Racconti nella Rete 2013 &#8220;La maestra \u201cladra\u201d di Irene Mosino Carastro"},"content":{"rendered":"<p dir=\"ltr\" id=\"docs-internal-guid-0655d4c0-cb5a-43c5-b44a-0ba60ff9289f\">Vittorina era bassa, piccola, magra, con gli occhi celesti senza espressione; sembrava sempre alla ricerca di qualcosa. Si alzava dal banco, passeggiava per l\u2019aula, indifferente ai richiami agli urli , alle mansuete blandizie. Vittorina era un piccolo uccello perennemente fuori dal nido, era una piccola gazza ladra. Rubava tutto ci\u00f2 che vedeva e che poteva, con una destrezza degna di nota. Brava\u00a0 nel non farsi scoprire, prendeva colori, quaderni, fazzoletti, colazioni oggetti appoggiati sul tavolo della maestra. Gli oggetti sparivano e lei ti guardava corrucciata, perch\u00e9 partecipava al tuo dolore per la perdita, si mostrava ,pure desiderosa di partecipare alla ricerca collettiva, era, insomma disponibile. Solo una accurata indagine nella sua cartella metteva in luce l\u2019avvenuta predazione: era stata Vittorina a prendere e nascondere, sembrava, per\u00f2, non rendersi conto di ci\u00f2 che organizzava ai nostri danni\u2026\u2026 era quasi un\u2019altra lei che si impadroniva di tutto,, spinta da un irrefrenabile bisogno di prendersi le cose altrui. Sarebbe stato utile avere qualcuno in grado di capire la complessit\u00e0 del suo animo, ma l\u00e0, nelle sperdute montagne d\u2019Aspromonte, non c\u2019era nessuno cui rivolgersi. Ed allora si provvide alla bisogna, con metodi approssimativi ed estemporanei\u2026..<\/p>\n<p dir=\"ltr\">\u201c Vittorina, non devi prendere niente, le manine nelle tasche le devi tenere\u201d.<\/p>\n<p dir=\"ltr\">\u201c Ca certu, io nenti fici\u2026.&#8221;.<\/p>\n<p dir=\"ltr\">\u201cVittorina, vedi, la penna di Nino \u00e8 nella tua cartella. Come ci \u00e8 arrivata\u201d.<\/p>\n<p dir=\"ltr\">\u201cCa certo, io nenti\u00a0 fici\u2026\u2026\u201d.<\/p>\n<p dir=\"ltr\">Pensammo, allora, di scambiare i ruoli. La povera maestra si adoper\u00f2 pe rdepredare Vittorina\u00a0 ,cos\u00ec per vedere che effetto facesse su di lei sentirsi privata di qualcosa. Con \u2026..destrezza insospettabile\u00a0 a Vittorina furono cos\u00ec sottratti gli oggetti rubati e in pi\u00f9 le pietruzze\u00a0 a cui lei teneva tanto e che conservava gelosamente in un sacchetto. Le prendeva al torrente, quando andava con la madre a lavare i panni e che le servivano per allontanare cani, serpi e persone nel tragitto casa-scuoa<\/p>\n<p dir=\"ltr\">Non aveva altro Vittorina come propriet\u00e0, si dovette ripiegare proprio sul sacchetto con le pietre per poterla \u2026derubare\u2026<\/p>\n<p dir=\"ltr\">Quando se ne accorse Vittorina si gett\u00f2 lunga lunga a terra, e cominci\u00f2 a gridare, chiamando in soccorso tutti i familiari vivi e defunti; si rivolgeva con insospettata veemenza al nonno morto, noto capomafia della zona che, in vita, aveva amministrato la giustizia ( si fa per dire) nella vallata montana\u2026.<\/p>\n<p dir=\"ltr\">Dimenandosi ne invocava lo spirito protettore, esortandolo a vendicarla..<\/p>\n<p dir=\"ltr\">\u201c Vittorina , non gridare, il sacchetto \u00e8 qua, lo vedi ? hai\u00a0 capito quanto \u00e8 brutto perder le propie cose, ognuno si dispiace quando non le trova\u00a0 pi\u00f9. Vittorina, alzati e non rubare pi\u00f9\u00a0 \u201c<\/p>\n<p dir=\"ltr\">La massima evangelica non la turb\u00f2, non fu raccolta come ammonimento, anzi\u00a0 vieppi\u00f9 l\u2019esile alunna si irrobust\u00ec\u00a0 nel dolore e nella ricerca della \u2026giusta vendetta.<\/p>\n<p dir=\"ltr\">Afferr\u00f2 il sacchetto riconquistato.E fugg\u00ec via dall\u2019aula tra lo spavento generale : dove sar\u00e0 andata Vittorina?<\/p>\n<p dir=\"ltr\">Lo sapemmo dopo qualche ora: alla porta si present\u00f2 tutto il suo gruppo familiare, gridando tutti all\u2019unisono ci coprirono di ingiurie e di proclami per il futuro. Come ci eravamo permessi di\u00a0\u00a0 rubare qualcosa alla loro Vittorina? Non era la nostra una scuola seria, compatti e decisi\u00a0 non vollero ascoltare\u00a0 le nostre parole di \u2026.difesa. E se ne andarono a reclamare a \u201cchi di dovere\u201d<\/p>\n<p dir=\"ltr\">Risultato : l\u2019alunna non venne pi\u00f9 a scuola, si mise a ricamare il suo corredo con la giusta pacatezza di chi aveva conquistato, sul campo, il titolo di \u201cdonna d\u2019onore\u201d.<\/p>\n<p dir=\"ltr\">La povera maestra, sconcertata, smise di \u2026.rubare e smise di cercare soluzioni\u00a0 alternative al malessere scolastico dei vari \u201ccotrari\u201d( leggasi\u00a0 ragazzi).<\/p>\n<p dir=\"ltr\">Quando non trovo le cose perch\u00e9 la memoria mi fa brutti scherzi, penso a Vittorina, me la immagino dietro le spalle, pronta a prendere gli oggetti che mi mancano e le chiedo di farmeli trovare, perch\u00e9 ora lei non c\u2019\u00e8 pi\u00f9, \u00e8 diventata un angelo e finalmente possiede tutto quello che non ha avuto sulla terra. Le hanno dato in dotazione una soffice , grande nuvola e l\u00e0 nasconde tutte le cose che si perdono.Ma,poi a me, le fa ritrovare, perch\u00e9 ricorda\u00a0 la poca professionalit\u00e0 della sua vecchia maestra, e lieve, l\u2019aiuta, ora che finalmente ha imparato a sorridere.<\/p>\n<p dir=\"ltr\">\n<div class=\"pvc_clear\"><\/div>\n<p id=\"pvc_stats_15038\" class=\"pvc_stats all  \" data-element-id=\"15038\" style=\"\"><i class=\"pvc-stats-icon medium\" aria-hidden=\"true\"><svg aria-hidden=\"true\" focusable=\"false\" data-prefix=\"far\" data-icon=\"chart-bar\" role=\"img\" xmlns=\"http:\/\/www.w3.org\/2000\/svg\" viewBox=\"0 0 512 512\" class=\"svg-inline--fa fa-chart-bar fa-w-16 fa-2x\"><path fill=\"currentColor\" d=\"M396.8 352h22.4c6.4 0 12.8-6.4 12.8-12.8V108.8c0-6.4-6.4-12.8-12.8-12.8h-22.4c-6.4 0-12.8 6.4-12.8 12.8v230.4c0 6.4 6.4 12.8 12.8 12.8zm-192 0h22.4c6.4 0 12.8-6.4 12.8-12.8V140.8c0-6.4-6.4-12.8-12.8-12.8h-22.4c-6.4 0-12.8 6.4-12.8 12.8v198.4c0 6.4 6.4 12.8 12.8 12.8zm96 0h22.4c6.4 0 12.8-6.4 12.8-12.8V204.8c0-6.4-6.4-12.8-12.8-12.8h-22.4c-6.4 0-12.8 6.4-12.8 12.8v134.4c0 6.4 6.4 12.8 12.8 12.8zM496 400H48V80c0-8.84-7.16-16-16-16H16C7.16 64 0 71.16 0 80v336c0 17.67 14.33 32 32 32h464c8.84 0 16-7.16 16-16v-16c0-8.84-7.16-16-16-16zm-387.2-48h22.4c6.4 0 12.8-6.4 12.8-12.8v-70.4c0-6.4-6.4-12.8-12.8-12.8h-22.4c-6.4 0-12.8 6.4-12.8 12.8v70.4c0 6.4 6.4 12.8 12.8 12.8z\" class=\"\"><\/path><\/svg><\/i> <img loading=\"lazy\" decoding=\"async\" width=\"16\" height=\"16\" alt=\"Loading\" src=\"https:\/\/www.raccontinellarete.it\/301\/wp-content\/plugins\/page-views-count\/ajax-loader-2x.gif\" border=0 \/><\/p>\n<div class=\"pvc_clear\"><\/div>\n","protected":false},"excerpt":{"rendered":"<p>Vittorina era bassa, piccola, magra, con gli occhi celesti senza espressione; sembrava sempre alla ricerca di qualcosa. Si alzava dal banco, passeggiava per l\u2019aula, indifferente ai richiami agli urli , alle mansuete blandizie. Vittorina era un piccolo uccello perennemente fuori dal nido, era una piccola gazza ladra. Rubava tutto ci\u00f2 che vedeva e che poteva, [&hellip;]<\/p>\n<div class=\"pvc_clear\"><\/div>\n<p id=\"pvc_stats_15038\" class=\"pvc_stats all  \" data-element-id=\"15038\" style=\"\"><i class=\"pvc-stats-icon medium\" aria-hidden=\"true\"><svg aria-hidden=\"true\" focusable=\"false\" data-prefix=\"far\" data-icon=\"chart-bar\" role=\"img\" xmlns=\"http:\/\/www.w3.org\/2000\/svg\" viewBox=\"0 0 512 512\" class=\"svg-inline--fa fa-chart-bar fa-w-16 fa-2x\"><path fill=\"currentColor\" d=\"M396.8 352h22.4c6.4 0 12.8-6.4 12.8-12.8V108.8c0-6.4-6.4-12.8-12.8-12.8h-22.4c-6.4 0-12.8 6.4-12.8 12.8v230.4c0 6.4 6.4 12.8 12.8 12.8zm-192 0h22.4c6.4 0 12.8-6.4 12.8-12.8V140.8c0-6.4-6.4-12.8-12.8-12.8h-22.4c-6.4 0-12.8 6.4-12.8 12.8v198.4c0 6.4 6.4 12.8 12.8 12.8zm96 0h22.4c6.4 0 12.8-6.4 12.8-12.8V204.8c0-6.4-6.4-12.8-12.8-12.8h-22.4c-6.4 0-12.8 6.4-12.8 12.8v134.4c0 6.4 6.4 12.8 12.8 12.8zM496 400H48V80c0-8.84-7.16-16-16-16H16C7.16 64 0 71.16 0 80v336c0 17.67 14.33 32 32 32h464c8.84 0 16-7.16 16-16v-16c0-8.84-7.16-16-16-16zm-387.2-48h22.4c6.4 0 12.8-6.4 12.8-12.8v-70.4c0-6.4-6.4-12.8-12.8-12.8h-22.4c-6.4 0-12.8 6.4-12.8 12.8v70.4c0 6.4 6.4 12.8 12.8 12.8z\" class=\"\"><\/path><\/svg><\/i> <img loading=\"lazy\" decoding=\"async\" width=\"16\" height=\"16\" alt=\"Loading\" src=\"https:\/\/www.raccontinellarete.it\/301\/wp-content\/plugins\/page-views-count\/ajax-loader-2x.gif\" border=0 \/><\/p>\n<div class=\"pvc_clear\"><\/div>\n","protected":false},"author":3726,"featured_media":0,"comment_status":"open","ping_status":"closed","sticky":false,"template":"","format":"standard","meta":{"footnotes":""},"categories":[84],"tags":[],"class_list":["post-15038","post","type-post","status-publish","format-standard","hentry","category-premio-racconti-nella-rete-2013"],"_links":{"self":[{"href":"https:\/\/www.raccontinellarete.it\/index.php?rest_route=\/wp\/v2\/posts\/15038"}],"collection":[{"href":"https:\/\/www.raccontinellarete.it\/index.php?rest_route=\/wp\/v2\/posts"}],"about":[{"href":"https:\/\/www.raccontinellarete.it\/index.php?rest_route=\/wp\/v2\/types\/post"}],"author":[{"embeddable":true,"href":"https:\/\/www.raccontinellarete.it\/index.php?rest_route=\/wp\/v2\/users\/3726"}],"replies":[{"embeddable":true,"href":"https:\/\/www.raccontinellarete.it\/index.php?rest_route=%2Fwp%2Fv2%2Fcomments&post=15038"}],"version-history":[{"count":3,"href":"https:\/\/www.raccontinellarete.it\/index.php?rest_route=\/wp\/v2\/posts\/15038\/revisions"}],"predecessor-version":[{"id":15045,"href":"https:\/\/www.raccontinellarete.it\/index.php?rest_route=\/wp\/v2\/posts\/15038\/revisions\/15045"}],"wp:attachment":[{"href":"https:\/\/www.raccontinellarete.it\/index.php?rest_route=%2Fwp%2Fv2%2Fmedia&parent=15038"}],"wp:term":[{"taxonomy":"category","embeddable":true,"href":"https:\/\/www.raccontinellarete.it\/index.php?rest_route=%2Fwp%2Fv2%2Fcategories&post=15038"},{"taxonomy":"post_tag","embeddable":true,"href":"https:\/\/www.raccontinellarete.it\/index.php?rest_route=%2Fwp%2Fv2%2Ftags&post=15038"}],"curies":[{"name":"wp","href":"https:\/\/api.w.org\/{rel}","templated":true}]}}