{"id":14909,"date":"2013-05-20T17:11:28","date_gmt":"2013-05-20T16:11:28","guid":{"rendered":"http:\/\/www.raccontinellarete.it\/?p=14909"},"modified":"2013-05-20T17:11:28","modified_gmt":"2013-05-20T16:11:28","slug":"premio-racconti-nella-rete-2013-il-colore-dei-corvi-di-antonio-margaroli-sezione-racconti-per-bambini","status":"publish","type":"post","link":"https:\/\/www.raccontinellarete.it\/?p=14909","title":{"rendered":"Premio Racconti nella rete 2013 &#8220;Il colore dei corvi&#8221; di Antonio Margaroli (sezione racconti per bambini)"},"content":{"rendered":"<p><em>Cra, cra. Sul davanzale della finestra due grossi corvi neri gracchiano infreddoliti. E\u2019 il ventidue luglio e fuori, senza il condizionatore, ci sono trentaquattro gradi&#8230;<\/em><\/p>\n<p>Era il tempo in cui i pavoni suscitavano meraviglia per la loro presuntuosa e policroma ruota; i pappagalli ara facevano mostra di penne variopinte: gialle, rosse, verdi e blu; le farfalle volteggiavano leggere sui prati, battendo silenziosamente le loro grandi ali colorate e i corvi, che in quanto a ricchezza di colori superavano tutti, sembravano dei frammenti di arcobaleno. Ma non solo. I corvi, con il loro canto soave e melodioso, erano anche gli unici a competere con il chioccolare dei fringuelli e il gorgheggiare degli usignoli. Tra tutti gli animali erano una delle specie pi\u00f9 ammirate e benevolmente invidiate. Il passaggio di uno stormo di questi pennuti era uno spettacolo naturale di rara bellezza e aveva il potere taumaturgico di dare sollievo a chi soffriva di pene d\u2019amore. In ogni parco e in ogni giardino venivano allevati, nutriti e coccolati.<\/p>\n<p>Purtroppo, consapevoli di queste doti, invece di riconoscerle come un generoso dono della natura, iniziarono a bearsene e a vantarsene.<\/p>\n<p>Un giorno, non trovando con chi altri confrontarsi, il principe dei corvi, accecato dalla presunzione, volle sfidare il sole.\u00a0 \u201cEhi tu, che te ne stai a splendere lass\u00f9, che ti credi tanto bello e non ci rivolgi mai la parola, guarda noi corvi. Tu brilli di un solo colore, noi possiamo sfoggiarli tutti e mentre tu te ne stai sempre muto, noi possiamo intonare le melodie pi\u00f9 armoniose.\u201d\u00a0 Altri corvi, gli scherani del principe, iniziarono a deridere e a provocare il sole. \u201cAh! ah! Pensi di essere il pi\u00f9 bello ma sei solo una grossa palla, inutile e triste. Sei solo una stella come ce ne sono a milioni nel cielo, e neanche tra le pi\u00f9 grandi. Se non fosse che sei la pi\u00f9 vicina, non ci saremmo neppure accorti di te.\u201d<\/p>\n<p>Il sole, infastidito da tanta insolenza, senza perdere la sua infinita calma, si limit\u00f2 ad una laconica risposta: \u201cSe sono cos\u00ec inutile, vorr\u00e0 dire che non vi illuminer\u00f2 pi\u00f9.\u201d\u00a0 E cos\u00ec fu.<\/p>\n<p>Scese la notte. Come tutte le notti ogni colore si spense e la vita si addorment\u00f2 fino all\u2019alba.\u00a0 Il mattino successivo il mondo riprese colore.\u00a0 Le farfalle, gli ara, i pavoni tornarono a mostrare i loro colori ma per i corvi rest\u00f2 il buio. Non pi\u00f9 illuminati dai raggi del sole, restarono neri, come nelle notti pi\u00f9 fonde.\u00a0 Per degli animali cos\u00ec vanitosi era una punizione severissima, resa ancor pi\u00f9 insopportabile dal fatto che non avevano perso la loro bellezza ma solo la possibilit\u00e0 di mostrarla.\u00a0 Nella comunit\u00e0 dei corvi scoppiarono tumulti, il principe e i suoi sgherri furono cacciati e inizi\u00f2 una spietata guerra fratricida, con ripicche e scambi di accuse e le cose peggiorarono ancora quando, non pi\u00f9 riscaldati dai raggi del sole, nel giro di poco tempo, anche la voce fu compromessa e il loro canto si trasform\u00f2 in uno sgradevole e inquietante gracchiare.\u00a0 Quel gracchiare divenne presagio di cattiva sorte e di sventure. Nessuno si sognava pi\u00f9 di tenere un corvo in giardino.<\/p>\n<p>I corvi istituirono allora un consiglio di saggi incaricato di rivolgersi al sole per ottenere il suo perdono.\u00a0 \u201cNon si tratta di perdonarvi\u201d disse il sole \u201cNon \u00e8 solo questione di essere pentiti e di ammettere i propri errori. Quello che occorre \u00e8 evitare che certe cose possano ripetersi.\u201d\u00a0 \u201cMa&#8230; allora&#8230; cosa dobbiamo fare?\u201d\u00a0 \u201cBene, io potr\u00f2 tornare a illuminarvi solo quando tutti voi corvi lo desidererete davvero e cio\u00e8 quando ogni singolo corvo, mettendo da parte orgoglio, presunzione, invidia e vecchi rancori, desiderer\u00e0 che tutti gli altri corvi, e dico proprio tutti, riprendano i colori e la voce di prima.\u201d<\/p>\n<p>Riuscirci era un\u2019utopia, infatti la sfida \u00e8 tuttora aperta e cos\u00ec \u00e8 e cos\u00ec sar\u00e0 fino a quando, se mai succeder\u00e0, i corvi avranno accantonato la loro prosopopea e vinto ogni egoismo. Allora il sole potr\u00e0 illuminarli e scaldarli con i suoi raggi. Cos\u00ec se un giorno torneremo a vedere corvi colorati e ad ascoltarne il dolcissimo canto, vorr\u00e0 dire che, forse, anche per l\u2019uomo ci sar\u00e0 una speranza.<\/p>\n<p>Per ora solo nelle notti di plenilunio, quando una luna clemente, all\u2019insaputa del sole, ne riflette i raggi anche sui corvi, dietro quel nero corvino \u00e8 possibile scorgere un tenue riflesso di arcobaleno. E all\u2019alba, nel momento in cui le uova si schiudono, tra tanto gracchiare, un orecchio attento pu\u00f2 cogliere una dolcissima melodia: il canto di un pulcino di corvo appena nato a cui il freddo non ha ancora arrochito la voce.<\/p>\n<p><em>I corvi hanno lasciato il davanzale. Li vedo volteggiare lontani. Soli.\u00a0<\/em><\/p>\n<div class=\"pvc_clear\"><\/div>\n<p id=\"pvc_stats_14909\" class=\"pvc_stats all  \" data-element-id=\"14909\" style=\"\"><i class=\"pvc-stats-icon medium\" aria-hidden=\"true\"><svg aria-hidden=\"true\" focusable=\"false\" data-prefix=\"far\" data-icon=\"chart-bar\" role=\"img\" xmlns=\"http:\/\/www.w3.org\/2000\/svg\" viewBox=\"0 0 512 512\" class=\"svg-inline--fa fa-chart-bar fa-w-16 fa-2x\"><path fill=\"currentColor\" d=\"M396.8 352h22.4c6.4 0 12.8-6.4 12.8-12.8V108.8c0-6.4-6.4-12.8-12.8-12.8h-22.4c-6.4 0-12.8 6.4-12.8 12.8v230.4c0 6.4 6.4 12.8 12.8 12.8zm-192 0h22.4c6.4 0 12.8-6.4 12.8-12.8V140.8c0-6.4-6.4-12.8-12.8-12.8h-22.4c-6.4 0-12.8 6.4-12.8 12.8v198.4c0 6.4 6.4 12.8 12.8 12.8zm96 0h22.4c6.4 0 12.8-6.4 12.8-12.8V204.8c0-6.4-6.4-12.8-12.8-12.8h-22.4c-6.4 0-12.8 6.4-12.8 12.8v134.4c0 6.4 6.4 12.8 12.8 12.8zM496 400H48V80c0-8.84-7.16-16-16-16H16C7.16 64 0 71.16 0 80v336c0 17.67 14.33 32 32 32h464c8.84 0 16-7.16 16-16v-16c0-8.84-7.16-16-16-16zm-387.2-48h22.4c6.4 0 12.8-6.4 12.8-12.8v-70.4c0-6.4-6.4-12.8-12.8-12.8h-22.4c-6.4 0-12.8 6.4-12.8 12.8v70.4c0 6.4 6.4 12.8 12.8 12.8z\" class=\"\"><\/path><\/svg><\/i> <img loading=\"lazy\" decoding=\"async\" width=\"16\" height=\"16\" alt=\"Loading\" src=\"https:\/\/www.raccontinellarete.it\/301\/wp-content\/plugins\/page-views-count\/ajax-loader-2x.gif\" border=0 \/><\/p>\n<div class=\"pvc_clear\"><\/div>\n","protected":false},"excerpt":{"rendered":"<p>Cra, cra. Sul davanzale della finestra due grossi corvi neri gracchiano infreddoliti. E\u2019 il ventidue luglio e fuori, senza il condizionatore, ci sono trentaquattro gradi&#8230; Era il tempo in cui i pavoni suscitavano meraviglia per la loro presuntuosa e policroma ruota; i pappagalli ara facevano mostra di penne variopinte: gialle, rosse, verdi e blu; le [&hellip;]<\/p>\n<div class=\"pvc_clear\"><\/div>\n<p id=\"pvc_stats_14909\" class=\"pvc_stats all  \" data-element-id=\"14909\" style=\"\"><i class=\"pvc-stats-icon medium\" aria-hidden=\"true\"><svg aria-hidden=\"true\" focusable=\"false\" data-prefix=\"far\" data-icon=\"chart-bar\" role=\"img\" xmlns=\"http:\/\/www.w3.org\/2000\/svg\" viewBox=\"0 0 512 512\" class=\"svg-inline--fa fa-chart-bar fa-w-16 fa-2x\"><path fill=\"currentColor\" d=\"M396.8 352h22.4c6.4 0 12.8-6.4 12.8-12.8V108.8c0-6.4-6.4-12.8-12.8-12.8h-22.4c-6.4 0-12.8 6.4-12.8 12.8v230.4c0 6.4 6.4 12.8 12.8 12.8zm-192 0h22.4c6.4 0 12.8-6.4 12.8-12.8V140.8c0-6.4-6.4-12.8-12.8-12.8h-22.4c-6.4 0-12.8 6.4-12.8 12.8v198.4c0 6.4 6.4 12.8 12.8 12.8zm96 0h22.4c6.4 0 12.8-6.4 12.8-12.8V204.8c0-6.4-6.4-12.8-12.8-12.8h-22.4c-6.4 0-12.8 6.4-12.8 12.8v134.4c0 6.4 6.4 12.8 12.8 12.8zM496 400H48V80c0-8.84-7.16-16-16-16H16C7.16 64 0 71.16 0 80v336c0 17.67 14.33 32 32 32h464c8.84 0 16-7.16 16-16v-16c0-8.84-7.16-16-16-16zm-387.2-48h22.4c6.4 0 12.8-6.4 12.8-12.8v-70.4c0-6.4-6.4-12.8-12.8-12.8h-22.4c-6.4 0-12.8 6.4-12.8 12.8v70.4c0 6.4 6.4 12.8 12.8 12.8z\" class=\"\"><\/path><\/svg><\/i> <img loading=\"lazy\" decoding=\"async\" width=\"16\" height=\"16\" alt=\"Loading\" src=\"https:\/\/www.raccontinellarete.it\/301\/wp-content\/plugins\/page-views-count\/ajax-loader-2x.gif\" border=0 \/><\/p>\n<div class=\"pvc_clear\"><\/div>\n","protected":false},"author":3704,"featured_media":0,"comment_status":"open","ping_status":"closed","sticky":false,"template":"","format":"standard","meta":{"footnotes":""},"categories":[84],"tags":[],"class_list":["post-14909","post","type-post","status-publish","format-standard","hentry","category-premio-racconti-nella-rete-2013"],"_links":{"self":[{"href":"https:\/\/www.raccontinellarete.it\/index.php?rest_route=\/wp\/v2\/posts\/14909"}],"collection":[{"href":"https:\/\/www.raccontinellarete.it\/index.php?rest_route=\/wp\/v2\/posts"}],"about":[{"href":"https:\/\/www.raccontinellarete.it\/index.php?rest_route=\/wp\/v2\/types\/post"}],"author":[{"embeddable":true,"href":"https:\/\/www.raccontinellarete.it\/index.php?rest_route=\/wp\/v2\/users\/3704"}],"replies":[{"embeddable":true,"href":"https:\/\/www.raccontinellarete.it\/index.php?rest_route=%2Fwp%2Fv2%2Fcomments&post=14909"}],"version-history":[{"count":5,"href":"https:\/\/www.raccontinellarete.it\/index.php?rest_route=\/wp\/v2\/posts\/14909\/revisions"}],"predecessor-version":[{"id":14913,"href":"https:\/\/www.raccontinellarete.it\/index.php?rest_route=\/wp\/v2\/posts\/14909\/revisions\/14913"}],"wp:attachment":[{"href":"https:\/\/www.raccontinellarete.it\/index.php?rest_route=%2Fwp%2Fv2%2Fmedia&parent=14909"}],"wp:term":[{"taxonomy":"category","embeddable":true,"href":"https:\/\/www.raccontinellarete.it\/index.php?rest_route=%2Fwp%2Fv2%2Fcategories&post=14909"},{"taxonomy":"post_tag","embeddable":true,"href":"https:\/\/www.raccontinellarete.it\/index.php?rest_route=%2Fwp%2Fv2%2Ftags&post=14909"}],"curies":[{"name":"wp","href":"https:\/\/api.w.org\/{rel}","templated":true}]}}