{"id":13899,"date":"2013-04-30T17:26:29","date_gmt":"2013-04-30T16:26:29","guid":{"rendered":"http:\/\/www.raccontinellarete.it\/?p=13899"},"modified":"2013-04-30T18:26:35","modified_gmt":"2013-04-30T17:26:35","slug":"premio-racconti-per-corti-2013-poter-vedere-il-mare-di-fabio-massetani","status":"publish","type":"post","link":"https:\/\/www.raccontinellarete.it\/?p=13899","title":{"rendered":"Premio Racconti per Corti 2013 &#8220;Poter vedere il mare&#8221; di Stefano Massetani"},"content":{"rendered":"<p>La sua vita era trascorsa in fretta, troppo in fretta, sempre in solitudine tra il verde delle montagne pistoiesi.<\/p>\n<p>Essa lo aveva avviluppato in una morsa fatta di stenti e di fatiche che hanno conosciuto quelli che hanno vissuto la guerra.<\/p>\n<p>L\u2019infanzia da pastore, sempre sui pascoli con le pecore.<\/p>\n<p>Poi venne la guerra e quattro anni di paura, di violenza che non capiva, di prigionia in Germania.<\/p>\n<p>Poi il ritorno a casa, la vita che riprendeva di nuovo i suoi lenti ritmi, che solo la gente di montagna ormai conosce.<\/p>\n<p>Adelmo, questo era il suo nome, non aveva mai preso moglie e da solo aveva da sempre badato a se stesso.<\/p>\n<p>Anagraficamente non era poi cos\u00ec vecchio, ma la durezza della vita lo aveva segnato nel fisico, dotandolo di una postura curva che gli permetteva<\/p>\n<p>di sollevare il capo soltanto sorreggendosi al suo inseparabile bastone.<\/p>\n<p>La sua esistenza quindi, si era dipanata tra le fatiche quotidiane e le nulle aspettative che la sua condizione gli permetteva di avere.<\/p>\n<p>Ma ogni essere umano degno di questo nome, ha comunque un sogno che non lo abbandona mai e che gli permette almeno di addolcire quelle<\/p>\n<p>giornate in cui la vita, sembra prenderti a schiaffi per il gusto di lasciarti il segno sulle guance.<\/p>\n<p>Lui, uomo di montagna, aveva avuto nella sua vita, un solo desiderio, quello di vedere il mare, almeno una volta prima di morire.<\/p>\n<p>Adelmo non poteva esserne certo, ma sentiva che doveva sbrigarsi.<\/p>\n<p>Fu cos\u00ec che un giorno radun\u00f2 le sue poche cose e appoggiandosi al suo bastone, si incammin\u00f2 verso la pianura.<\/p>\n<p>Man mano che camminava nella sua testa si sbizzarriva l\u2019immaginazione.<\/p>\n<p>L\u2019idea di come sarebbe stato veramente il mare, lo assorbiva completamente, ma non lo distoglieva da ci\u00f2 che lo circondava.<\/p>\n<p>Adelmo infatti capiva, che il mare non era l\u2019unica cosa che mancava alla sua esperienza di uomo e tante erano le cose anche semplici, che si era perso.<\/p>\n<p>Ma non aveva rimpianti perch\u00e9 di l\u00ec a poco avrebbe finalmente visto il mare e il suo sogno avverato.<\/p>\n<p>Non sapeva quanto tempo avesse camminato, con difficolt\u00e0 appoggiandosi al bastone, ma finalmente stava per arrivare.<\/p>\n<p>Adelmo lo capiva dall\u2019odore nuovo che sentiva spandersi nell\u2019aria portato dal vento.<\/p>\n<p>Un vento caldo e umido a cui non era abituato, ma questo non lo disturbava, anzi, scioglieva libera la felicit\u00e0 del suo cuore.<\/p>\n<p>A un tratto una strana sensazione quasi di fastidio gli provenne dai piedi.<\/p>\n<p>La sabbia era entrata nelle scarpe e gli stava facendo il solletico, frizionandosi alla sua callosa pianta del piede.<\/p>\n<p>Si tolse le scarpe e le capovolse, osservando un fiotto di sabbia, fine e argentata, cadere a terra senza rumore.<\/p>\n<p>Ormai il sole baciava la linea dell\u2019orizzonte e Adelmo appoggiandosi al bastone, sollev\u00f2 la testa, in alto come da tempo non riusciva a fare.<\/p>\n<p>Cos\u00ec vide il mare.<\/p>\n<p>Da prima quasi non ci credeva, poi quando ebbe finalmente raggiunto la battigia, l\u2019acqua spinta da una piccola onda gli bagn\u00f2 i piedi.<\/p>\n<p>Fu cos\u00ec che prese coscienza che il suo sogno, grazie alla sua perseveranza si era avverato.<\/p>\n<p>Esausto si distese sulla sabbia vicino alla riva, abbandonandosi all\u2019immagine del sole che tramontava, e che per lui era come si era sempre immaginato, un grande biscotto rosso che siinzuppava nel mare.<\/p>\n<p>Adelmo si addorment\u00f2 sulla riva di quel mare che tanto aveva sognato e che ora lo avrebbe cullato con il rumore del frangersi delle onde sulla battigia.<\/p>\n<p>L\u2019alba lo colse addormentato, con il sorriso disegnato ancora sul viso con la felicit\u00e0 di chi finalmente, \u00e8 riuscito a esaudire l\u2019unico, ma irrinunciabile desiderio della vita.<\/p>\n<div class=\"pvc_clear\"><\/div>\n<p id=\"pvc_stats_13899\" class=\"pvc_stats all  \" data-element-id=\"13899\" style=\"\"><i class=\"pvc-stats-icon medium\" aria-hidden=\"true\"><svg aria-hidden=\"true\" focusable=\"false\" data-prefix=\"far\" data-icon=\"chart-bar\" role=\"img\" xmlns=\"http:\/\/www.w3.org\/2000\/svg\" viewBox=\"0 0 512 512\" class=\"svg-inline--fa fa-chart-bar fa-w-16 fa-2x\"><path fill=\"currentColor\" d=\"M396.8 352h22.4c6.4 0 12.8-6.4 12.8-12.8V108.8c0-6.4-6.4-12.8-12.8-12.8h-22.4c-6.4 0-12.8 6.4-12.8 12.8v230.4c0 6.4 6.4 12.8 12.8 12.8zm-192 0h22.4c6.4 0 12.8-6.4 12.8-12.8V140.8c0-6.4-6.4-12.8-12.8-12.8h-22.4c-6.4 0-12.8 6.4-12.8 12.8v198.4c0 6.4 6.4 12.8 12.8 12.8zm96 0h22.4c6.4 0 12.8-6.4 12.8-12.8V204.8c0-6.4-6.4-12.8-12.8-12.8h-22.4c-6.4 0-12.8 6.4-12.8 12.8v134.4c0 6.4 6.4 12.8 12.8 12.8zM496 400H48V80c0-8.84-7.16-16-16-16H16C7.16 64 0 71.16 0 80v336c0 17.67 14.33 32 32 32h464c8.84 0 16-7.16 16-16v-16c0-8.84-7.16-16-16-16zm-387.2-48h22.4c6.4 0 12.8-6.4 12.8-12.8v-70.4c0-6.4-6.4-12.8-12.8-12.8h-22.4c-6.4 0-12.8 6.4-12.8 12.8v70.4c0 6.4 6.4 12.8 12.8 12.8z\" class=\"\"><\/path><\/svg><\/i> <img loading=\"lazy\" decoding=\"async\" width=\"16\" height=\"16\" alt=\"Loading\" src=\"https:\/\/www.raccontinellarete.it\/301\/wp-content\/plugins\/page-views-count\/ajax-loader-2x.gif\" border=0 \/><\/p>\n<div class=\"pvc_clear\"><\/div>\n","protected":false},"excerpt":{"rendered":"<p>La sua vita era trascorsa in fretta, troppo in fretta, sempre in solitudine tra il verde delle montagne pistoiesi. Essa lo aveva avviluppato in una morsa fatta di stenti e di fatiche che hanno conosciuto quelli che hanno vissuto la guerra. L\u2019infanzia da pastore, sempre sui pascoli con le pecore. Poi venne la guerra e [&hellip;]<\/p>\n<div class=\"pvc_clear\"><\/div>\n<p id=\"pvc_stats_13899\" class=\"pvc_stats all  \" data-element-id=\"13899\" style=\"\"><i class=\"pvc-stats-icon medium\" aria-hidden=\"true\"><svg aria-hidden=\"true\" focusable=\"false\" data-prefix=\"far\" data-icon=\"chart-bar\" role=\"img\" xmlns=\"http:\/\/www.w3.org\/2000\/svg\" viewBox=\"0 0 512 512\" class=\"svg-inline--fa fa-chart-bar fa-w-16 fa-2x\"><path fill=\"currentColor\" d=\"M396.8 352h22.4c6.4 0 12.8-6.4 12.8-12.8V108.8c0-6.4-6.4-12.8-12.8-12.8h-22.4c-6.4 0-12.8 6.4-12.8 12.8v230.4c0 6.4 6.4 12.8 12.8 12.8zm-192 0h22.4c6.4 0 12.8-6.4 12.8-12.8V140.8c0-6.4-6.4-12.8-12.8-12.8h-22.4c-6.4 0-12.8 6.4-12.8 12.8v198.4c0 6.4 6.4 12.8 12.8 12.8zm96 0h22.4c6.4 0 12.8-6.4 12.8-12.8V204.8c0-6.4-6.4-12.8-12.8-12.8h-22.4c-6.4 0-12.8 6.4-12.8 12.8v134.4c0 6.4 6.4 12.8 12.8 12.8zM496 400H48V80c0-8.84-7.16-16-16-16H16C7.16 64 0 71.16 0 80v336c0 17.67 14.33 32 32 32h464c8.84 0 16-7.16 16-16v-16c0-8.84-7.16-16-16-16zm-387.2-48h22.4c6.4 0 12.8-6.4 12.8-12.8v-70.4c0-6.4-6.4-12.8-12.8-12.8h-22.4c-6.4 0-12.8 6.4-12.8 12.8v70.4c0 6.4 6.4 12.8 12.8 12.8z\" class=\"\"><\/path><\/svg><\/i> <img loading=\"lazy\" decoding=\"async\" width=\"16\" height=\"16\" alt=\"Loading\" src=\"https:\/\/www.raccontinellarete.it\/301\/wp-content\/plugins\/page-views-count\/ajax-loader-2x.gif\" border=0 \/><\/p>\n<div class=\"pvc_clear\"><\/div>\n","protected":false},"author":3534,"featured_media":0,"comment_status":"open","ping_status":"closed","sticky":false,"template":"","format":"standard","meta":{"footnotes":""},"categories":[85],"tags":[],"class_list":["post-13899","post","type-post","status-publish","format-standard","hentry","category-premio-racconti-per-corti-2013"],"_links":{"self":[{"href":"https:\/\/www.raccontinellarete.it\/index.php?rest_route=\/wp\/v2\/posts\/13899"}],"collection":[{"href":"https:\/\/www.raccontinellarete.it\/index.php?rest_route=\/wp\/v2\/posts"}],"about":[{"href":"https:\/\/www.raccontinellarete.it\/index.php?rest_route=\/wp\/v2\/types\/post"}],"author":[{"embeddable":true,"href":"https:\/\/www.raccontinellarete.it\/index.php?rest_route=\/wp\/v2\/users\/3534"}],"replies":[{"embeddable":true,"href":"https:\/\/www.raccontinellarete.it\/index.php?rest_route=%2Fwp%2Fv2%2Fcomments&post=13899"}],"version-history":[{"count":4,"href":"https:\/\/www.raccontinellarete.it\/index.php?rest_route=\/wp\/v2\/posts\/13899\/revisions"}],"predecessor-version":[{"id":14009,"href":"https:\/\/www.raccontinellarete.it\/index.php?rest_route=\/wp\/v2\/posts\/13899\/revisions\/14009"}],"wp:attachment":[{"href":"https:\/\/www.raccontinellarete.it\/index.php?rest_route=%2Fwp%2Fv2%2Fmedia&parent=13899"}],"wp:term":[{"taxonomy":"category","embeddable":true,"href":"https:\/\/www.raccontinellarete.it\/index.php?rest_route=%2Fwp%2Fv2%2Fcategories&post=13899"},{"taxonomy":"post_tag","embeddable":true,"href":"https:\/\/www.raccontinellarete.it\/index.php?rest_route=%2Fwp%2Fv2%2Ftags&post=13899"}],"curies":[{"name":"wp","href":"https:\/\/api.w.org\/{rel}","templated":true}]}}