{"id":12336,"date":"2013-01-02T16:55:26","date_gmt":"2013-01-02T15:55:26","guid":{"rendered":"http:\/\/www.raccontinellarete.it\/?p=12336"},"modified":"2013-01-03T11:07:54","modified_gmt":"2013-01-03T10:07:54","slug":"la-versilia-e-lucca-ricordano-giorgio-gaber-a-dieci-anni-dalla-scomparsa","status":"publish","type":"post","link":"https:\/\/www.raccontinellarete.it\/?p=12336","title":{"rendered":"La Versilia e Lucca ricordano GIORGIO GABER a dieci anni dalla scomparsa"},"content":{"rendered":"<p style=\"text-align: justify;\"><a href=\"https:\/\/www.raccontinellarete.it\/?attachment_id=12356\" rel=\"attachment wp-att-12356\"><img loading=\"lazy\" decoding=\"async\" class=\"alignleft size-medium wp-image-12356\" alt=\"Giorgio_Gaber-decennale-morte-586x439\" src=\"https:\/\/www.raccontinellarete.it\/301\/wp-content\/uploads\/2013\/01\/Giorgio_Gaber-decennale-morte-586x439-333x250.jpg\" width=\"333\" height=\"250\" \/><\/a><\/p>\n<p style=\"text-align: justify;\">Nasce a Camaiore (Lucca)\u00a0il Comitato di coordinamento per le celebrazioni in occasione del decennale della scomparsa di Giorgio Gaber. L\u2019artista milanese, che a Camaiore ha trascorso molti anni della sua vita, verr\u00e0 infatti ricordato in questo 2013 attraverso un ampio cartellone di eventi, creati e promossi in sinergia dagli enti pubblici.<\/p>\n<p style=\"text-align: justify;\">Il sindaco Alessandro Del Dotto ha riunito in municipio i vertici della Fondazione Gaber, rappresentati dalla figlia di Giorgio, Dalia, dal Presidente Paolo Dal Bon e da Roberto Luporini, e la Provincia di Lucca, i comuni di Viareggio, Pietrasanta, Seravezza e Lucca, assieme alle Fondazioni La Versiliana e Terre Medicee.<\/p>\n<p style=\"text-align: justify;\">Saranno questi i soggetti istituzionali protagonisti delle celebrazioni della figura del Signor G: il Comitato avr\u00e0 la sua sede a Camaiore e avr\u00e0 il compito, nel giro di qualche settimana, di raccogliere le proposte, ottimizzare tempi e modalit\u00e0 di svolgimento di ogni singola iniziativa presa dalle varie amministrazioni.<\/p>\n<p style=\"text-align: justify;\">\u201cL\u2019intento \u00e8 quello di coordinare le attivit\u00e0 rispettando l\u2019autonomia di ciascun soggetto \u2013 spiega il Sindaco Del Dotto \u2013 in modo da poter presentare, nell\u2019ottica di un\u2019offerta e una promozione coerenti, un grande evento senza soluzione di continuit\u00e0 sul territorio della Versilia e di Lucca, che abbia luogo durante i mesi estivi. Per quanto riguarda il marketing territoriale, penseremo a richiedere il patrocinio ed il sostegno di enti superiori, a partire dalla Regione Toscana\u201d.<\/p>\n<p style=\"text-align: justify;\">Confermato che il FestivalGaber di Viareggio rimarr\u00e0 evento centrale del cartellone, prime proposte sono quelle di incontri al Caff\u00e8 della Versiliana, spettacoli al Teatro Comunale di Pietrasanta e al Palazzo Mediceo di Seravezza e un omaggio dell\u2019Istituto Boccherini a Lucca.<\/p>\n<p style=\"text-align: justify;\">Per Camaiore invece, il primo cittadino annuncia un evento di lunga durata dedicato alla rievocazione della figura di Giorgio Gaber come uomo e come artista.<\/p>\n<div class=\"pvc_clear\"><\/div>\n<p id=\"pvc_stats_12336\" class=\"pvc_stats all  \" data-element-id=\"12336\" style=\"\"><i class=\"pvc-stats-icon medium\" aria-hidden=\"true\"><svg aria-hidden=\"true\" focusable=\"false\" data-prefix=\"far\" data-icon=\"chart-bar\" role=\"img\" xmlns=\"http:\/\/www.w3.org\/2000\/svg\" viewBox=\"0 0 512 512\" class=\"svg-inline--fa fa-chart-bar fa-w-16 fa-2x\"><path fill=\"currentColor\" d=\"M396.8 352h22.4c6.4 0 12.8-6.4 12.8-12.8V108.8c0-6.4-6.4-12.8-12.8-12.8h-22.4c-6.4 0-12.8 6.4-12.8 12.8v230.4c0 6.4 6.4 12.8 12.8 12.8zm-192 0h22.4c6.4 0 12.8-6.4 12.8-12.8V140.8c0-6.4-6.4-12.8-12.8-12.8h-22.4c-6.4 0-12.8 6.4-12.8 12.8v198.4c0 6.4 6.4 12.8 12.8 12.8zm96 0h22.4c6.4 0 12.8-6.4 12.8-12.8V204.8c0-6.4-6.4-12.8-12.8-12.8h-22.4c-6.4 0-12.8 6.4-12.8 12.8v134.4c0 6.4 6.4 12.8 12.8 12.8zM496 400H48V80c0-8.84-7.16-16-16-16H16C7.16 64 0 71.16 0 80v336c0 17.67 14.33 32 32 32h464c8.84 0 16-7.16 16-16v-16c0-8.84-7.16-16-16-16zm-387.2-48h22.4c6.4 0 12.8-6.4 12.8-12.8v-70.4c0-6.4-6.4-12.8-12.8-12.8h-22.4c-6.4 0-12.8 6.4-12.8 12.8v70.4c0 6.4 6.4 12.8 12.8 12.8z\" class=\"\"><\/path><\/svg><\/i> <img loading=\"lazy\" decoding=\"async\" width=\"16\" height=\"16\" alt=\"Loading\" src=\"https:\/\/www.raccontinellarete.it\/301\/wp-content\/plugins\/page-views-count\/ajax-loader-2x.gif\" border=0 \/><\/p>\n<div class=\"pvc_clear\"><\/div>\n","protected":false},"excerpt":{"rendered":"<p>Nasce a Camaiore (Lucca)\u00a0il Comitato di coordinamento per le celebrazioni in occasione del decennale della scomparsa di Giorgio Gaber. L\u2019artista milanese, che a Camaiore ha trascorso molti anni della sua vita, verr\u00e0 infatti ricordato in questo 2013 attraverso un ampio cartellone di eventi, creati e promossi in sinergia dagli enti pubblici. Il sindaco Alessandro Del [&hellip;]<\/p>\n<div class=\"pvc_clear\"><\/div>\n<p id=\"pvc_stats_12336\" class=\"pvc_stats all  \" data-element-id=\"12336\" style=\"\"><i class=\"pvc-stats-icon medium\" aria-hidden=\"true\"><svg aria-hidden=\"true\" focusable=\"false\" data-prefix=\"far\" data-icon=\"chart-bar\" role=\"img\" xmlns=\"http:\/\/www.w3.org\/2000\/svg\" viewBox=\"0 0 512 512\" class=\"svg-inline--fa fa-chart-bar fa-w-16 fa-2x\"><path fill=\"currentColor\" d=\"M396.8 352h22.4c6.4 0 12.8-6.4 12.8-12.8V108.8c0-6.4-6.4-12.8-12.8-12.8h-22.4c-6.4 0-12.8 6.4-12.8 12.8v230.4c0 6.4 6.4 12.8 12.8 12.8zm-192 0h22.4c6.4 0 12.8-6.4 12.8-12.8V140.8c0-6.4-6.4-12.8-12.8-12.8h-22.4c-6.4 0-12.8 6.4-12.8 12.8v198.4c0 6.4 6.4 12.8 12.8 12.8zm96 0h22.4c6.4 0 12.8-6.4 12.8-12.8V204.8c0-6.4-6.4-12.8-12.8-12.8h-22.4c-6.4 0-12.8 6.4-12.8 12.8v134.4c0 6.4 6.4 12.8 12.8 12.8zM496 400H48V80c0-8.84-7.16-16-16-16H16C7.16 64 0 71.16 0 80v336c0 17.67 14.33 32 32 32h464c8.84 0 16-7.16 16-16v-16c0-8.84-7.16-16-16-16zm-387.2-48h22.4c6.4 0 12.8-6.4 12.8-12.8v-70.4c0-6.4-6.4-12.8-12.8-12.8h-22.4c-6.4 0-12.8 6.4-12.8 12.8v70.4c0 6.4 6.4 12.8 12.8 12.8z\" class=\"\"><\/path><\/svg><\/i> <img loading=\"lazy\" decoding=\"async\" width=\"16\" height=\"16\" alt=\"Loading\" src=\"https:\/\/www.raccontinellarete.it\/301\/wp-content\/plugins\/page-views-count\/ajax-loader-2x.gif\" border=0 \/><\/p>\n<div class=\"pvc_clear\"><\/div>\n","protected":false},"author":3,"featured_media":0,"comment_status":"open","ping_status":"closed","sticky":false,"template":"","format":"standard","meta":{"footnotes":""},"categories":[87,4],"tags":[],"class_list":["post-12336","post","type-post","status-publish","format-standard","hentry","category-comunicato-stampa","category-news"],"_links":{"self":[{"href":"https:\/\/www.raccontinellarete.it\/index.php?rest_route=\/wp\/v2\/posts\/12336"}],"collection":[{"href":"https:\/\/www.raccontinellarete.it\/index.php?rest_route=\/wp\/v2\/posts"}],"about":[{"href":"https:\/\/www.raccontinellarete.it\/index.php?rest_route=\/wp\/v2\/types\/post"}],"author":[{"embeddable":true,"href":"https:\/\/www.raccontinellarete.it\/index.php?rest_route=\/wp\/v2\/users\/3"}],"replies":[{"embeddable":true,"href":"https:\/\/www.raccontinellarete.it\/index.php?rest_route=%2Fwp%2Fv2%2Fcomments&post=12336"}],"version-history":[{"count":5,"href":"https:\/\/www.raccontinellarete.it\/index.php?rest_route=\/wp\/v2\/posts\/12336\/revisions"}],"predecessor-version":[{"id":12358,"href":"https:\/\/www.raccontinellarete.it\/index.php?rest_route=\/wp\/v2\/posts\/12336\/revisions\/12358"}],"wp:attachment":[{"href":"https:\/\/www.raccontinellarete.it\/index.php?rest_route=%2Fwp%2Fv2%2Fmedia&parent=12336"}],"wp:term":[{"taxonomy":"category","embeddable":true,"href":"https:\/\/www.raccontinellarete.it\/index.php?rest_route=%2Fwp%2Fv2%2Fcategories&post=12336"},{"taxonomy":"post_tag","embeddable":true,"href":"https:\/\/www.raccontinellarete.it\/index.php?rest_route=%2Fwp%2Fv2%2Ftags&post=12336"}],"curies":[{"name":"wp","href":"https:\/\/api.w.org\/{rel}","templated":true}]}}