{"id":12305,"date":"2012-12-31T11:57:47","date_gmt":"2012-12-31T10:57:47","guid":{"rendered":"http:\/\/www.raccontinellarete.it\/?p=12305"},"modified":"2012-12-31T12:31:23","modified_gmt":"2012-12-31T11:31:23","slug":"i-delitti-e-deliri-di-adriano-ficili","status":"publish","type":"post","link":"https:\/\/www.raccontinellarete.it\/?p=12305","title":{"rendered":"I &#8220;delitti e deliri&#8221; di Adriano Ficili"},"content":{"rendered":"<p style=\"text-align: justify;\"><b><a id=\"set-post-thumbnail\" title=\"Imposta l'immagine in evidenza\" href=\"https:\/\/www.raccontinellarete.it\/301\/wp-admin\/media-upload.php?post_id=12305&amp;type=image&amp;TB_iframe=1\"><img loading=\"lazy\" decoding=\"async\" alt=\"ficili\" src=\"https:\/\/www.raccontinellarete.it\/301\/wp-content\/uploads\/2012\/12\/ficili1.jpg\" width=\"190\" height=\"266\" \/><\/a><\/b><\/p>\n<p style=\"text-align: justify;\"><b>Adriano Ficili, tra i vincitori di &#8220;Racconti nella Rete 2009&#8221; con il racconto &#8220;Uomini&#8221;, \u00a0ha presentato la sua nuova fatica letteraria. Nell&#8217;augurare\u00a0 all&#8217;amico Adriano\u00a0 sempre nuovi successi editoriali,\u00a0riportiamo il comunicato stampa della presentazione tenutasi a Scicli. <\/b><\/p>\n<p style=\"text-align: justify;\">Un&#8217;accoglienza calorosa e al di sopra di ogni aspettativa ha caratterizzato la presentazione del libro \u201cDelitti e Deliri\u201d del giovane Adriano Ficili, tenutasi a Scicli lo scorso 26 dicembre.<\/p>\n<p style=\"text-align: justify;\">I posti a sedere dell\u2019ex Camera del Lavoro non sono stati sufficienti per tutte le persone presenti, soprattutto giovani,\u00a0 che hanno affollato in piedi anche la seconda sala.<\/p>\n<p style=\"text-align: justify;\">La presentazione \u00e8 stata moderata da Bartolo Lorefice e Paolo Cirica (dell\u2019associazione culturale \u201cIl R.i.c.c.i.o.\u201d, editrice del libro), la giovane e talentuosa scrittrice Erica Donzella ha fornito il suo giudizio critico sui racconti, Giuseppe Stimolo ha recitato degli stralci tratti dal libro, con l\u2019accompagnamento musicale della chitarra di Giovanni Brafa. Al tavolo della presidenza e nell\u2019organizzazione dell\u2019iniziativa soltanto under 30, per volont\u00e0 precisa dell\u2019associazione di dimostrare che i giovani sanno essere all\u2019altezza di iniziative culturali di questo livello.<\/p>\n<p style=\"text-align: justify;\">Il libro \u00e8 andato a ruba, in tanti si sono fermati dopo la presentazione per l\u2019autografo dell\u2019autore\u00a0 sulla propria copia.<\/p>\n<p style=\"text-align: justify;\">\u00abLa volont\u00e0 di editare l\u2019opera di un giovane esordiente \u2013 spiega Bartolo Lorefice, presidente dell\u2019associazione \u201cIl R.i.c.c.i.o.\u201d &#8211; \u00e8 legata alla mission stessa dell\u2019associazione, al fatto, cio\u00e8, di promuovere ci\u00f2 che di buono c\u2019\u00e8 gi\u00e0 sul territorio di Scicli, di promuovere un protagonismo giovanile fatto di eccellenze che non devono chiedere permesso a nessuno, ma che hanno e pretendono la loro autorevolezza in una citt\u00e0 che \u00e8 ricchissima di giovani talenti che, per\u00f2, spesso, non conoscono gloria qui ma fuori. Il libro nasce da questa volont\u00e0, quindi, di promuovere un talento e di presentare un\u2019opera che ha un peso specifico culturale e che pretende rispetto e autorevolezza aldil\u00e0 dei grandi intellettuali che abbiamo, che rispettiamo e ai quali vogliamo affiancarci con molta discrezione\u00bb.<\/p>\n<p style=\"text-align: justify;\">\u00abIl successo &#8211;\u00a0 aggiunge Paolo Cirica, vice-presidente dell\u2019associazione\u00a0 &#8211; \u00e8 stato insperato. Non solo la sala in cui abbiamo fatto la presentazione era piena ma anche l\u2019anticamera era a tal punto stracolma che tanta gente addirittura si lamentava per il basso volume, segno che, comunque, l\u2019interesse era alto. Non so come ha fatto un\u2019associazione a creare tutto questo, sicuramente tanta passione, dedizione e lavoro operaio. Noi ci riteniamo operai dell\u2019informazione, operai anche in qualsiasi lavoro o iniziativa che intraprendiamo, e, forse, questo lavoro operaio, alla lunga, premia. Abbiamo sposato la causa di Adriano Ficili, l\u2019autore del libro, e il connubio \u00e8 stato fino ad adesso vincente\u00bb.<\/p>\n<div class=\"pvc_clear\"><\/div>\n<p id=\"pvc_stats_12305\" class=\"pvc_stats all  \" data-element-id=\"12305\" style=\"\"><i class=\"pvc-stats-icon medium\" aria-hidden=\"true\"><svg aria-hidden=\"true\" focusable=\"false\" data-prefix=\"far\" data-icon=\"chart-bar\" role=\"img\" xmlns=\"http:\/\/www.w3.org\/2000\/svg\" viewBox=\"0 0 512 512\" class=\"svg-inline--fa fa-chart-bar fa-w-16 fa-2x\"><path fill=\"currentColor\" d=\"M396.8 352h22.4c6.4 0 12.8-6.4 12.8-12.8V108.8c0-6.4-6.4-12.8-12.8-12.8h-22.4c-6.4 0-12.8 6.4-12.8 12.8v230.4c0 6.4 6.4 12.8 12.8 12.8zm-192 0h22.4c6.4 0 12.8-6.4 12.8-12.8V140.8c0-6.4-6.4-12.8-12.8-12.8h-22.4c-6.4 0-12.8 6.4-12.8 12.8v198.4c0 6.4 6.4 12.8 12.8 12.8zm96 0h22.4c6.4 0 12.8-6.4 12.8-12.8V204.8c0-6.4-6.4-12.8-12.8-12.8h-22.4c-6.4 0-12.8 6.4-12.8 12.8v134.4c0 6.4 6.4 12.8 12.8 12.8zM496 400H48V80c0-8.84-7.16-16-16-16H16C7.16 64 0 71.16 0 80v336c0 17.67 14.33 32 32 32h464c8.84 0 16-7.16 16-16v-16c0-8.84-7.16-16-16-16zm-387.2-48h22.4c6.4 0 12.8-6.4 12.8-12.8v-70.4c0-6.4-6.4-12.8-12.8-12.8h-22.4c-6.4 0-12.8 6.4-12.8 12.8v70.4c0 6.4 6.4 12.8 12.8 12.8z\" class=\"\"><\/path><\/svg><\/i> <img loading=\"lazy\" decoding=\"async\" width=\"16\" height=\"16\" alt=\"Loading\" src=\"https:\/\/www.raccontinellarete.it\/301\/wp-content\/plugins\/page-views-count\/ajax-loader-2x.gif\" border=0 \/><\/p>\n<div class=\"pvc_clear\"><\/div>\n","protected":false},"excerpt":{"rendered":"<p>Adriano Ficili, tra i vincitori di &#8220;Racconti nella Rete 2009&#8221; con il racconto &#8220;Uomini&#8221;, \u00a0ha presentato la sua nuova fatica letteraria. Nell&#8217;augurare\u00a0 all&#8217;amico Adriano\u00a0 sempre nuovi successi editoriali,\u00a0riportiamo il comunicato stampa della presentazione tenutasi a Scicli. Un&#8217;accoglienza calorosa e al di sopra di ogni aspettativa ha caratterizzato la presentazione del libro \u201cDelitti e Deliri\u201d del [&hellip;]<\/p>\n<div class=\"pvc_clear\"><\/div>\n<p id=\"pvc_stats_12305\" class=\"pvc_stats all  \" data-element-id=\"12305\" style=\"\"><i class=\"pvc-stats-icon medium\" aria-hidden=\"true\"><svg aria-hidden=\"true\" focusable=\"false\" data-prefix=\"far\" data-icon=\"chart-bar\" role=\"img\" xmlns=\"http:\/\/www.w3.org\/2000\/svg\" viewBox=\"0 0 512 512\" class=\"svg-inline--fa fa-chart-bar fa-w-16 fa-2x\"><path fill=\"currentColor\" d=\"M396.8 352h22.4c6.4 0 12.8-6.4 12.8-12.8V108.8c0-6.4-6.4-12.8-12.8-12.8h-22.4c-6.4 0-12.8 6.4-12.8 12.8v230.4c0 6.4 6.4 12.8 12.8 12.8zm-192 0h22.4c6.4 0 12.8-6.4 12.8-12.8V140.8c0-6.4-6.4-12.8-12.8-12.8h-22.4c-6.4 0-12.8 6.4-12.8 12.8v198.4c0 6.4 6.4 12.8 12.8 12.8zm96 0h22.4c6.4 0 12.8-6.4 12.8-12.8V204.8c0-6.4-6.4-12.8-12.8-12.8h-22.4c-6.4 0-12.8 6.4-12.8 12.8v134.4c0 6.4 6.4 12.8 12.8 12.8zM496 400H48V80c0-8.84-7.16-16-16-16H16C7.16 64 0 71.16 0 80v336c0 17.67 14.33 32 32 32h464c8.84 0 16-7.16 16-16v-16c0-8.84-7.16-16-16-16zm-387.2-48h22.4c6.4 0 12.8-6.4 12.8-12.8v-70.4c0-6.4-6.4-12.8-12.8-12.8h-22.4c-6.4 0-12.8 6.4-12.8 12.8v70.4c0 6.4 6.4 12.8 12.8 12.8z\" class=\"\"><\/path><\/svg><\/i> <img loading=\"lazy\" decoding=\"async\" width=\"16\" height=\"16\" alt=\"Loading\" src=\"https:\/\/www.raccontinellarete.it\/301\/wp-content\/plugins\/page-views-count\/ajax-loader-2x.gif\" border=0 \/><\/p>\n<div class=\"pvc_clear\"><\/div>\n","protected":false},"author":3,"featured_media":0,"comment_status":"open","ping_status":"closed","sticky":false,"template":"","format":"standard","meta":{"footnotes":""},"categories":[87,5,4],"tags":[],"class_list":["post-12305","post","type-post","status-publish","format-standard","hentry","category-comunicato-stampa","category-racconti-nella-rete","category-news"],"_links":{"self":[{"href":"https:\/\/www.raccontinellarete.it\/index.php?rest_route=\/wp\/v2\/posts\/12305"}],"collection":[{"href":"https:\/\/www.raccontinellarete.it\/index.php?rest_route=\/wp\/v2\/posts"}],"about":[{"href":"https:\/\/www.raccontinellarete.it\/index.php?rest_route=\/wp\/v2\/types\/post"}],"author":[{"embeddable":true,"href":"https:\/\/www.raccontinellarete.it\/index.php?rest_route=\/wp\/v2\/users\/3"}],"replies":[{"embeddable":true,"href":"https:\/\/www.raccontinellarete.it\/index.php?rest_route=%2Fwp%2Fv2%2Fcomments&post=12305"}],"version-history":[{"count":3,"href":"https:\/\/www.raccontinellarete.it\/index.php?rest_route=\/wp\/v2\/posts\/12305\/revisions"}],"predecessor-version":[{"id":12313,"href":"https:\/\/www.raccontinellarete.it\/index.php?rest_route=\/wp\/v2\/posts\/12305\/revisions\/12313"}],"wp:attachment":[{"href":"https:\/\/www.raccontinellarete.it\/index.php?rest_route=%2Fwp%2Fv2%2Fmedia&parent=12305"}],"wp:term":[{"taxonomy":"category","embeddable":true,"href":"https:\/\/www.raccontinellarete.it\/index.php?rest_route=%2Fwp%2Fv2%2Fcategories&post=12305"},{"taxonomy":"post_tag","embeddable":true,"href":"https:\/\/www.raccontinellarete.it\/index.php?rest_route=%2Fwp%2Fv2%2Ftags&post=12305"}],"curies":[{"name":"wp","href":"https:\/\/api.w.org\/{rel}","templated":true}]}}