{"id":10571,"date":"2012-06-01T17:35:17","date_gmt":"2012-06-01T16:35:17","guid":{"rendered":"http:\/\/www.raccontinellarete.it\/?p=10571"},"modified":"2012-06-01T17:35:17","modified_gmt":"2012-06-01T16:35:17","slug":"premio-racconti-nella-rete-2012-la-passeggiata-di-roberto-fanelli","status":"publish","type":"post","link":"https:\/\/www.raccontinellarete.it\/?p=10571","title":{"rendered":"Premio Racconti nella Rete 2012 &#8220;La passeggiata&#8221; di Roberto Fanelli"},"content":{"rendered":"<p><span style=\"font-family: Verdana, sans-serif;\"><span style=\"font-size: medium;\">Da quando sono single la sera dopo cena spesso vado a fare una passeggiata, che siccome non c&#8217;\u00e8 pi\u00f9 nessuno che mi costringe a stare in casa, allora esco, e quando vado a passeggiare, chiss\u00e0 perch\u00e9, vado sempre sul lungomare, a Marina di Montemarciano, o quasi sempre l\u00ec, e quando non vado l\u00ec vado in un parco che sta vicino casa mia. <\/span><\/span><\/p>\n<p><span style=\"font-family: Verdana, sans-serif;\"><span style=\"font-size: medium;\">Mi ricordo allora una sera d&#8217;estate che ero andato a passeggiare al parco, ed era pieno di lucciole, e la passeggiata era bellissima, il cielo era sereno, l&#8217;aria mite, la luna uno spicchio piccolo piccolo, e io, nonostante il buio, che non vedevo nemmeno bene dove mettevo i piedi, ero tranquillo, e mentre camminavo sul sentiero al buio ho visto una lucciola che se ne stava attaccata a un albero, ed era accesa che sembrava una lampadina, non si spegneva mai. Allora questa lucciola mi ha incuriosito cos\u00ec tanto che sono rimasto l\u00ec a guardarla per un bel po&#8217; di tempo, e mentre la guardavo mi avvicinavo, e mi sono avvicinato cos\u00ec tanto per vederla da vicino, che per un attimo ho avuto l&#8217;impressione di sentire il calore della sua luce sulla punta del mio naso.<\/span><\/span><\/p>\n<p><span style=\"font-family: Verdana, sans-serif;\"><span style=\"font-size: medium;\">Allora, qualche giorno dopo, ho chiesto a un mio amico produttore di miele come mai di quella lucciola attaccata all&#8217;albero sempre accesa, che io una cosa del genere era la prima volta che la vedevo, e lui mi ha risposto<\/span><\/span><\/p>\n<p><span style=\"font-family: Verdana, sans-serif;\"><span style=\"font-size: medium;\">Sai che non lo so neanch&#8217;io!<\/span><\/span><\/p>\n<p><span style=\"font-family: Verdana, sans-serif;\"><span style=\"font-size: medium;\">perch\u00e9 anche lui, tante volte, si era domandato la stessa cosa, e mi ricordo che c&#8217;ero rimasto male, che quella era stata una risposta che io non me l&#8217;aspettavo da uno che secondo me se ne intendeva di lucciole. Ne \u00e8 nata cos\u00ec una discussione importantissima, e siccome in quel momento il problema della lucciola che lascia la luce sempre accesa per noi era diventato di primaria importanza, ci siamo salutati con la promessa che lui molto presto avrebbe fatto una ricerca, e che nel giro di qualche giorno, che per me in quel momento sembrava un tempo d&#8217;attesa biblico, mi avrebbe fatto sapere, e io ancora sono qui che aspetto.<\/span><\/span><\/p>\n<p><span style=\"font-family: Verdana, sans-serif;\"><span style=\"font-size: medium;\">Marina di Montemarciano \u00e8 un posto dove se hai una famiglia coi figli piccoli ci vivi bene, e anche se hai un cane ci vivi bene, che c&#8217;\u00e8 un sacco di verde, ci sono un sacco di parchi, e i bambini possono giocare liberi, senza pericoli, e questo parco che sta vicino casa mia \u00e8 bello grosso, e i cani possono giocare felici sul prato, e i genitori stanno tranquilli, perch\u00e9 i cani corrono in uno spazio fatto apposta per loro, recintato, dove sono liberi di fare quello che vogliono, che il giorno che mi sono accorto che c&#8217;era questo spazio recintato per i cani, mi ricordo che ho pensato che questo criterio di creare spazi recintati dovrebbe essere applicato anche all&#8217;umanit\u00e0. <\/span><\/span><\/p>\n<p><span style=\"font-family: Verdana, sans-serif;\"><span style=\"font-size: medium;\">Allora poi, a pensare a questa cosa degli spazi recintati, mi sono fissato che anch&#8217;io volevo uno spazio recintato tutto per me dove poter fare quello che mi pare. Poi per\u00f2 mi sono reso conto che non avrei saputo cosa farmene in uno spazio tutto per me. Correre no di sicuro, sono troppo stanco per correre, forse potrei leggere, ma questo gi\u00e0 lo faccio, o forse potrei piantare una tenda per dormire all&#8217;aperto, ma mi sentirei scemo a piantare una tenda e dormire all&#8217;aperto a cento metri da casa mia. Allora forse, ho pensato, potrei stare l\u00ec cos\u00ec, a non fare niente, ma non avrebbe senso nemmeno uno spazio recintato tutto per me solo per quello, io niente lo faccio gi\u00e0 tanto bene a casa mia, sul divano, che ci sono giorni che non faccio altro, tanto mi viene bene. <\/span><\/span><\/p>\n<p><span style=\"font-family: Verdana, sans-serif;\"><span style=\"font-size: medium;\">Ad ogni modo quella sera sono uscito per fare la mia passeggiata, e sono andato sul lungomare, ed appena arrivato sulla strada che costeggia la scogliera che da sul mare, alzo gli occhi al cielo e vedo un oggetto volante non identificato che ho pensato <\/span><\/span><\/p>\n<p><span style=\"font-family: Verdana, sans-serif;\"><span style=\"font-size: medium;\">Evviva, un UFO!<\/span><\/span><\/p>\n<p><span style=\"font-family: Verdana, sans-serif;\"><span style=\"font-size: medium;\">Ecco, appena ho visto l&#8217;ufo, mi sono eccitato cos\u00ec tanto che ho accelerato il passo per raggiungere quella luce che sar\u00e0 stata a trecento metri da me, nemmeno tanto alta nel cielo, e non vedevo l&#8217;ora di raggiungerla, e mentre camminavo svelto mi immaginavo che stavo per essere rapito dagli alieni, perch\u00e9 loro avevano bisogno di un essere umano da studiare, e rapivano me, perch\u00e9 ero quello pi\u00f9 conforme alle loro esigenze, che erano quelle di studiare un essere umano praticamente perfetto, secondo il loro criterio, ovviamente!<\/span><\/span><\/p>\n<p><span style=\"font-family: Verdana, sans-serif;\"><span style=\"font-size: medium;\">Pi\u00f9 mi avvicinavo, per\u00f2, pi\u00f9 questo oggetto volante non identificato non sembrava volante, che non volava per niente, era solo sospeso, e non sembrava nemmeno un oggetto, ed emanava una luce bianca, tipo quella dei satelliti, che sono rimasto un po&#8217; l\u00ec a guardare la luce per cercare di capire cos&#8217;era, ma pi\u00f9 fissavo quella luce, pi\u00f9 non capivo niente. Allora ho pensato di telefonare a un mio amico astronomo per dirgli se prendeva quel telescopio che una volta ha cercato di vendermi e controllava se quella luce era un UFO, o un satellite, o un elicottero, o un uccello di fuoco, o una stella, o un vattelappesca qualsiasi. Avevo per\u00f2 lasciato il telefonino a casa, e appena mi sono reso conto che ero senza telefonino m&#8217;\u00e8 salita l&#8217;agitazione, perch\u00e9 io sono separato, e ho un figlio che penso sempre possa avere bisogno di me, e quando sono senza telefonino finisce sempre che immagino chiss\u00e0 quali tragedie gli stiano capitando, mentre io, l&#8217;unico in grado di salvarlo, non sono rintracciabile. Allora sono tornato verso casa con passo svelto, e per strada rimuginavo su quella luce, che anche se era abbastanza evidente che non era un UFO, un po&#8217; ero preoccupato, perch\u00e9 temevo che gli alieni invece stessero aspettando proprio me, e si erano mimetizzati da luce per non farsi riconoscere dagli altri umani, e stavo perdendo l&#8217;unica occasione della mia vita di stabilire un contatto ravvicinato con un abitante di un altro pianeta, e tutto questo perch\u00e9 sono paranoico e mi dimentico sempre il telefonino a casa.<\/span><\/span><\/p>\n<p><span style=\"font-family: Verdana, sans-serif;\"><span style=\"font-size: medium;\">Appena arrivato a casa ho controllato, ma non c&#8217;era nessuna chiamata senza risposta. Allora stavo per telefonare a quel mio amico, ma non l&#8217;ho fatto, che era gi\u00e0 abbastanza tardi, e sono uscito in giardino a guardare quella luce, che io abito in una casa col giardino, ma sto giardino non \u00e8 il mio, \u00e8 della proprietaria dell&#8217;appartamento che abita sopra di me, e &#8216;sta proprietaria &#8216;sto giardino lo tiene benissimo, sempre pieno di piante e fiori, e c&#8217;\u00e8 anche un orto, e le notti d&#8217;estate \u00e8 pieno di lucciole pure l\u00ec, che tante volte, la sera, quando non vado a fare la mia passeggiata, mi siedo sul gradino che da sulla porta della camera di mio figlio, davanti l&#8217;orto, e resto a guardare per ore le lucciole.<\/span><\/span><\/p>\n<p><span style=\"font-family: Verdana, sans-serif;\"><span style=\"font-size: medium;\">La luce era ancora l\u00ec, e pi\u00f9 la guardavo meno capivo cos&#8217;era, che come satellite, secondo me, era un po&#8217; troppo grosso, e come UFO, sempre secondo me, era un po&#8217; troppo bianco, e come aereo era un po&#8217; troppo fermo, e come elicottero era un po&#8217; troppo silenzioso, e come stella era un po&#8217; troppo vicina. <\/span><\/span><\/p>\n<p><span style=\"font-family: Verdana, sans-serif;\"><span style=\"font-size: medium;\">Dopo un po&#8217;, per\u00f2, mi sono rotto di stare a guardare quella luce, e sono rientrato in casa deluso e amareggiato. Sono andato in soggiorno e mi sono sdraiato sul divano a riflettere, che c&#8217;ero rimasto male che gli alieni non mi avevano rapito, che per me, gli alieni, me li sono sempre immaginati una razza super intelligente, e proprio non capivo perch\u00e9 non cercassero un contatto con me. <\/span><\/span><\/p>\n<p><span style=\"font-family: Verdana, sans-serif;\"><span style=\"font-size: medium;\">Allora, mentre rimuginavo sugli alieni, ho preso il telecomando e ho acceso la televisione, e ho fatto zapping, che da un po&#8217; di tempo a questa parte, fare zapping, ci si mette un sacco di tempo con tutti &#8216;sti canali satellitari, e a forza di fare zapping sono capitato su Super Tennis, dove davano la replica della Sharapova contro la Ivanovic, agli internazionale di Roma del 2012. Allora zapping non l&#8217;ho fatto pi\u00f9, e mi sono messo a guardare quella partita, anche se era tardi, e a guardare quella partita mi \u00e8 come venuto il sospetto che forse, per me, sarebbe molto meglio se un contatto ravvicinato lo cercassi con un tennista. <\/span><\/span><\/p>\n<p><span style=\"font-family: Verdana, sans-serif;\"><span style=\"font-size: medium;\">Sempre a guardare quella partita poi, mi sono anche venuti dei pensieri su certi detti, che secondo me, anche se sembrano veri, non sono veri per niente, che, sempre secondo me, certi detti li ha inventati qualcuno che non aveva le idee chiare per niente su come stanno le cose al mondo, perch\u00e9 infatti, a vedere la Sharapova contro la Ivanovic, mi era come venuto il sospetto che il detto che dice <\/span><\/span><\/p>\n<p><span style=\"font-family: Verdana, sans-serif;\"><span style=\"font-size: medium;\">Non \u00e8 bello ci\u00f2 che \u00e8 bello ma \u00e8 bello ci\u00f2 che piace<\/span><\/span><\/p>\n<p><span style=\"font-family: Verdana, sans-serif;\"><span style=\"font-size: medium;\">non sia vero per niente. Che la teoria della relativit\u00e0, in certi momenti, non \u00e8 una teoria, \u00e8 una stronzata, perch\u00e9 come fai a dire che la Sharapova e la Ivanovic sono relative. La Sharapova e la Ivanovic, per me, non sono relative proprio per niente.\u00a0<\/span><\/span><\/p>\n<div class=\"pvc_clear\"><\/div>\n<p id=\"pvc_stats_10571\" class=\"pvc_stats all  \" data-element-id=\"10571\" style=\"\"><i class=\"pvc-stats-icon medium\" aria-hidden=\"true\"><svg aria-hidden=\"true\" focusable=\"false\" data-prefix=\"far\" data-icon=\"chart-bar\" role=\"img\" xmlns=\"http:\/\/www.w3.org\/2000\/svg\" viewBox=\"0 0 512 512\" class=\"svg-inline--fa fa-chart-bar fa-w-16 fa-2x\"><path fill=\"currentColor\" d=\"M396.8 352h22.4c6.4 0 12.8-6.4 12.8-12.8V108.8c0-6.4-6.4-12.8-12.8-12.8h-22.4c-6.4 0-12.8 6.4-12.8 12.8v230.4c0 6.4 6.4 12.8 12.8 12.8zm-192 0h22.4c6.4 0 12.8-6.4 12.8-12.8V140.8c0-6.4-6.4-12.8-12.8-12.8h-22.4c-6.4 0-12.8 6.4-12.8 12.8v198.4c0 6.4 6.4 12.8 12.8 12.8zm96 0h22.4c6.4 0 12.8-6.4 12.8-12.8V204.8c0-6.4-6.4-12.8-12.8-12.8h-22.4c-6.4 0-12.8 6.4-12.8 12.8v134.4c0 6.4 6.4 12.8 12.8 12.8zM496 400H48V80c0-8.84-7.16-16-16-16H16C7.16 64 0 71.16 0 80v336c0 17.67 14.33 32 32 32h464c8.84 0 16-7.16 16-16v-16c0-8.84-7.16-16-16-16zm-387.2-48h22.4c6.4 0 12.8-6.4 12.8-12.8v-70.4c0-6.4-6.4-12.8-12.8-12.8h-22.4c-6.4 0-12.8 6.4-12.8 12.8v70.4c0 6.4 6.4 12.8 12.8 12.8z\" class=\"\"><\/path><\/svg><\/i> <img loading=\"lazy\" decoding=\"async\" width=\"16\" height=\"16\" alt=\"Loading\" src=\"https:\/\/www.raccontinellarete.it\/301\/wp-content\/plugins\/page-views-count\/ajax-loader-2x.gif\" border=0 \/><\/p>\n<div class=\"pvc_clear\"><\/div>\n","protected":false},"excerpt":{"rendered":"<p>Da quando sono single la sera dopo cena spesso vado a fare una passeggiata, che siccome non c&#8217;\u00e8 pi\u00f9 nessuno che mi costringe a stare in casa, allora esco, e quando vado a passeggiare, chiss\u00e0 perch\u00e9, vado sempre sul lungomare, a Marina di Montemarciano, o quasi sempre l\u00ec, e quando non vado l\u00ec vado in [&hellip;]<\/p>\n<div class=\"pvc_clear\"><\/div>\n<p id=\"pvc_stats_10571\" class=\"pvc_stats all  \" data-element-id=\"10571\" style=\"\"><i class=\"pvc-stats-icon medium\" aria-hidden=\"true\"><svg aria-hidden=\"true\" focusable=\"false\" data-prefix=\"far\" data-icon=\"chart-bar\" role=\"img\" xmlns=\"http:\/\/www.w3.org\/2000\/svg\" viewBox=\"0 0 512 512\" class=\"svg-inline--fa fa-chart-bar fa-w-16 fa-2x\"><path fill=\"currentColor\" d=\"M396.8 352h22.4c6.4 0 12.8-6.4 12.8-12.8V108.8c0-6.4-6.4-12.8-12.8-12.8h-22.4c-6.4 0-12.8 6.4-12.8 12.8v230.4c0 6.4 6.4 12.8 12.8 12.8zm-192 0h22.4c6.4 0 12.8-6.4 12.8-12.8V140.8c0-6.4-6.4-12.8-12.8-12.8h-22.4c-6.4 0-12.8 6.4-12.8 12.8v198.4c0 6.4 6.4 12.8 12.8 12.8zm96 0h22.4c6.4 0 12.8-6.4 12.8-12.8V204.8c0-6.4-6.4-12.8-12.8-12.8h-22.4c-6.4 0-12.8 6.4-12.8 12.8v134.4c0 6.4 6.4 12.8 12.8 12.8zM496 400H48V80c0-8.84-7.16-16-16-16H16C7.16 64 0 71.16 0 80v336c0 17.67 14.33 32 32 32h464c8.84 0 16-7.16 16-16v-16c0-8.84-7.16-16-16-16zm-387.2-48h22.4c6.4 0 12.8-6.4 12.8-12.8v-70.4c0-6.4-6.4-12.8-12.8-12.8h-22.4c-6.4 0-12.8 6.4-12.8 12.8v70.4c0 6.4 6.4 12.8 12.8 12.8z\" class=\"\"><\/path><\/svg><\/i> <img loading=\"lazy\" decoding=\"async\" width=\"16\" height=\"16\" alt=\"Loading\" src=\"https:\/\/www.raccontinellarete.it\/301\/wp-content\/plugins\/page-views-count\/ajax-loader-2x.gif\" border=0 \/><\/p>\n<div class=\"pvc_clear\"><\/div>\n","protected":false},"author":2875,"featured_media":0,"comment_status":"open","ping_status":"closed","sticky":false,"template":"","format":"standard","meta":{"footnotes":""},"categories":[34],"tags":[],"class_list":["post-10571","post","type-post","status-publish","format-standard","hentry","category-premio-racconti-nella-rete-2012"],"_links":{"self":[{"href":"https:\/\/www.raccontinellarete.it\/index.php?rest_route=\/wp\/v2\/posts\/10571"}],"collection":[{"href":"https:\/\/www.raccontinellarete.it\/index.php?rest_route=\/wp\/v2\/posts"}],"about":[{"href":"https:\/\/www.raccontinellarete.it\/index.php?rest_route=\/wp\/v2\/types\/post"}],"author":[{"embeddable":true,"href":"https:\/\/www.raccontinellarete.it\/index.php?rest_route=\/wp\/v2\/users\/2875"}],"replies":[{"embeddable":true,"href":"https:\/\/www.raccontinellarete.it\/index.php?rest_route=%2Fwp%2Fv2%2Fcomments&post=10571"}],"version-history":[{"count":3,"href":"https:\/\/www.raccontinellarete.it\/index.php?rest_route=\/wp\/v2\/posts\/10571\/revisions"}],"predecessor-version":[{"id":10573,"href":"https:\/\/www.raccontinellarete.it\/index.php?rest_route=\/wp\/v2\/posts\/10571\/revisions\/10573"}],"wp:attachment":[{"href":"https:\/\/www.raccontinellarete.it\/index.php?rest_route=%2Fwp%2Fv2%2Fmedia&parent=10571"}],"wp:term":[{"taxonomy":"category","embeddable":true,"href":"https:\/\/www.raccontinellarete.it\/index.php?rest_route=%2Fwp%2Fv2%2Fcategories&post=10571"},{"taxonomy":"post_tag","embeddable":true,"href":"https:\/\/www.raccontinellarete.it\/index.php?rest_route=%2Fwp%2Fv2%2Ftags&post=10571"}],"curies":[{"name":"wp","href":"https:\/\/api.w.org\/{rel}","templated":true}]}}