{"id":10422,"date":"2012-05-30T18:08:42","date_gmt":"2012-05-30T17:08:42","guid":{"rendered":"http:\/\/www.raccontinellarete.it\/?p=10422"},"modified":"2012-05-31T09:53:15","modified_gmt":"2012-05-31T08:53:15","slug":"premio-racconti-per-corti-2012-il-giorno-in-cui-arrivo-la-balena-di-marinella-ioime","status":"publish","type":"post","link":"https:\/\/www.raccontinellarete.it\/?p=10422","title":{"rendered":"Premio Racconti per Corti 2012 &#8220;Il giorno in cui arriv\u00f2 la balena&#8221; di Marinella Ioime"},"content":{"rendered":"<p><em>Il giorno in cui arriv\u00f2 la balena<\/em> \u00e8 una storia avvincente sulla condizione dei bambini vittime della disattenzione da parte degli adulti, che spesso \u00e8 causa della mancata percezione di impensabili storie di abuso.<\/p>\n<p>Costrette ad un prematuro disincanto, forzatamente e brutalmente imposto, i tre fanciulli protagonisti de <em>Il giorno in cui arriv\u00f2 la balena <\/em>lottano per riconquistare la propria innocenza.<\/p>\n<p>Nello scenario di un\u2019assolata localit\u00e0 meridionale, sulla banchina di una stazione, la storia di Lisa, otto anni, capricciosa e chiacchierona figlia di separati, si intreccia indissolubilmente con la storia di altri due bambini: un nipotino dalla bella chioma castana che mangia un ghiacciolo con suo nonno ed un\u2019esile gitana che suona svogliatamente l\u2019armonica chiedendo l\u2019elemosina.<\/p>\n<p>I tre bambini si incontrano casualmente, dalla tv del bar si propaga in diffusione la notizia che una balena si \u00e8 arenata sulla spiaggia. Lisa, il nipotino e la gitana sono ipnotizzati da questa notizia e vogliono vedere la balena a tutti i costi.<\/p>\n<p>Il fischio del treno in corsa irrompe e i passeggeri salgono su. Accomunati dalla stessa condizione di isolamento basta poco ai tre fanciulli per riconoscersi ed ordire un improvvisato piano di fuga alla ricerca del mammifero: scappano dal treno sotto gli occhi sbigottiti dei loro genitori.<\/p>\n<p>Da l\u00ec inizia la loro avventura, i tre bambini si avventurano per le vie del paese, sotto un sole cocente, le mani strette le une nelle altre, diretti verso la costa, verso la balena.<\/p>\n<p>Nella imprevista traversata i loro vissuti dolorosi emergono lentamente, fondendosi e riconducendosi in un\u2019unica dimensione, fatta di solitudine e paura. Ed ecco che la balena diventa il simbolo dell\u2019infanzia perduta, dell\u2019ingenuit\u00e0 soffocata, della magia azzerata.<\/p>\n<p>Si accorgeranno per\u00f2 che oramai \u00e8 troppo tardi, il danno \u00e8 stato fatto. Inutile sar\u00e0, infatti, la loro ricerca. Si far\u00e0 sera e i tre bambini si perderanno senza riuscire a vedere la balena, che nel frattempo muore agonizzando su una spiaggia non troppo distante da loro.<\/p>\n<div class=\"pvc_clear\"><\/div>\n<p id=\"pvc_stats_10422\" class=\"pvc_stats all  \" data-element-id=\"10422\" style=\"\"><i class=\"pvc-stats-icon medium\" aria-hidden=\"true\"><svg aria-hidden=\"true\" focusable=\"false\" data-prefix=\"far\" data-icon=\"chart-bar\" role=\"img\" xmlns=\"http:\/\/www.w3.org\/2000\/svg\" viewBox=\"0 0 512 512\" class=\"svg-inline--fa fa-chart-bar fa-w-16 fa-2x\"><path fill=\"currentColor\" d=\"M396.8 352h22.4c6.4 0 12.8-6.4 12.8-12.8V108.8c0-6.4-6.4-12.8-12.8-12.8h-22.4c-6.4 0-12.8 6.4-12.8 12.8v230.4c0 6.4 6.4 12.8 12.8 12.8zm-192 0h22.4c6.4 0 12.8-6.4 12.8-12.8V140.8c0-6.4-6.4-12.8-12.8-12.8h-22.4c-6.4 0-12.8 6.4-12.8 12.8v198.4c0 6.4 6.4 12.8 12.8 12.8zm96 0h22.4c6.4 0 12.8-6.4 12.8-12.8V204.8c0-6.4-6.4-12.8-12.8-12.8h-22.4c-6.4 0-12.8 6.4-12.8 12.8v134.4c0 6.4 6.4 12.8 12.8 12.8zM496 400H48V80c0-8.84-7.16-16-16-16H16C7.16 64 0 71.16 0 80v336c0 17.67 14.33 32 32 32h464c8.84 0 16-7.16 16-16v-16c0-8.84-7.16-16-16-16zm-387.2-48h22.4c6.4 0 12.8-6.4 12.8-12.8v-70.4c0-6.4-6.4-12.8-12.8-12.8h-22.4c-6.4 0-12.8 6.4-12.8 12.8v70.4c0 6.4 6.4 12.8 12.8 12.8z\" class=\"\"><\/path><\/svg><\/i> <img loading=\"lazy\" decoding=\"async\" width=\"16\" height=\"16\" alt=\"Loading\" src=\"https:\/\/www.raccontinellarete.it\/301\/wp-content\/plugins\/page-views-count\/ajax-loader-2x.gif\" border=0 \/><\/p>\n<div class=\"pvc_clear\"><\/div>\n","protected":false},"excerpt":{"rendered":"<p>Il giorno in cui arriv\u00f2 la balena \u00e8 una storia avvincente sulla condizione dei bambini vittime della disattenzione da parte degli adulti, che spesso \u00e8 causa della mancata percezione di impensabili storie di abuso. Costrette ad un prematuro disincanto, forzatamente e brutalmente imposto, i tre fanciulli protagonisti de Il giorno in cui arriv\u00f2 la balena [&hellip;]<\/p>\n<div class=\"pvc_clear\"><\/div>\n<p id=\"pvc_stats_10422\" class=\"pvc_stats all  \" data-element-id=\"10422\" style=\"\"><i class=\"pvc-stats-icon medium\" aria-hidden=\"true\"><svg aria-hidden=\"true\" focusable=\"false\" data-prefix=\"far\" data-icon=\"chart-bar\" role=\"img\" xmlns=\"http:\/\/www.w3.org\/2000\/svg\" viewBox=\"0 0 512 512\" class=\"svg-inline--fa fa-chart-bar fa-w-16 fa-2x\"><path fill=\"currentColor\" d=\"M396.8 352h22.4c6.4 0 12.8-6.4 12.8-12.8V108.8c0-6.4-6.4-12.8-12.8-12.8h-22.4c-6.4 0-12.8 6.4-12.8 12.8v230.4c0 6.4 6.4 12.8 12.8 12.8zm-192 0h22.4c6.4 0 12.8-6.4 12.8-12.8V140.8c0-6.4-6.4-12.8-12.8-12.8h-22.4c-6.4 0-12.8 6.4-12.8 12.8v198.4c0 6.4 6.4 12.8 12.8 12.8zm96 0h22.4c6.4 0 12.8-6.4 12.8-12.8V204.8c0-6.4-6.4-12.8-12.8-12.8h-22.4c-6.4 0-12.8 6.4-12.8 12.8v134.4c0 6.4 6.4 12.8 12.8 12.8zM496 400H48V80c0-8.84-7.16-16-16-16H16C7.16 64 0 71.16 0 80v336c0 17.67 14.33 32 32 32h464c8.84 0 16-7.16 16-16v-16c0-8.84-7.16-16-16-16zm-387.2-48h22.4c6.4 0 12.8-6.4 12.8-12.8v-70.4c0-6.4-6.4-12.8-12.8-12.8h-22.4c-6.4 0-12.8 6.4-12.8 12.8v70.4c0 6.4 6.4 12.8 12.8 12.8z\" class=\"\"><\/path><\/svg><\/i> <img loading=\"lazy\" decoding=\"async\" width=\"16\" height=\"16\" alt=\"Loading\" src=\"https:\/\/www.raccontinellarete.it\/301\/wp-content\/plugins\/page-views-count\/ajax-loader-2x.gif\" border=0 \/><\/p>\n<div class=\"pvc_clear\"><\/div>\n","protected":false},"author":2861,"featured_media":0,"comment_status":"open","ping_status":"closed","sticky":false,"template":"","format":"standard","meta":{"footnotes":""},"categories":[35],"tags":[],"class_list":["post-10422","post","type-post","status-publish","format-standard","hentry","category-premio-racconti-per-corti-2012"],"_links":{"self":[{"href":"https:\/\/www.raccontinellarete.it\/index.php?rest_route=\/wp\/v2\/posts\/10422"}],"collection":[{"href":"https:\/\/www.raccontinellarete.it\/index.php?rest_route=\/wp\/v2\/posts"}],"about":[{"href":"https:\/\/www.raccontinellarete.it\/index.php?rest_route=\/wp\/v2\/types\/post"}],"author":[{"embeddable":true,"href":"https:\/\/www.raccontinellarete.it\/index.php?rest_route=\/wp\/v2\/users\/2861"}],"replies":[{"embeddable":true,"href":"https:\/\/www.raccontinellarete.it\/index.php?rest_route=%2Fwp%2Fv2%2Fcomments&post=10422"}],"version-history":[{"count":8,"href":"https:\/\/www.raccontinellarete.it\/index.php?rest_route=\/wp\/v2\/posts\/10422\/revisions"}],"predecessor-version":[{"id":10428,"href":"https:\/\/www.raccontinellarete.it\/index.php?rest_route=\/wp\/v2\/posts\/10422\/revisions\/10428"}],"wp:attachment":[{"href":"https:\/\/www.raccontinellarete.it\/index.php?rest_route=%2Fwp%2Fv2%2Fmedia&parent=10422"}],"wp:term":[{"taxonomy":"category","embeddable":true,"href":"https:\/\/www.raccontinellarete.it\/index.php?rest_route=%2Fwp%2Fv2%2Fcategories&post=10422"},{"taxonomy":"post_tag","embeddable":true,"href":"https:\/\/www.raccontinellarete.it\/index.php?rest_route=%2Fwp%2Fv2%2Ftags&post=10422"}],"curies":[{"name":"wp","href":"https:\/\/api.w.org\/{rel}","templated":true}]}}