{"id":10364,"date":"2012-05-28T18:10:58","date_gmt":"2012-05-28T17:10:58","guid":{"rendered":"http:\/\/www.raccontinellarete.it\/?p=10364"},"modified":"2012-05-28T18:10:58","modified_gmt":"2012-05-28T17:10:58","slug":"premio-racconti-nella-rete-2012-synagoge-di-lucia-del-chiaro","status":"publish","type":"post","link":"https:\/\/www.raccontinellarete.it\/?p=10364","title":{"rendered":"Premio Racconti nella Rete 2012 &#8220;Synagoge&#8221; di Lucia Del Chiaro"},"content":{"rendered":"<p>Il tram giallo passa veloce e silenzioso lungo le vene elettriche della citt\u00e0, la citt\u00e0 si chiama Dresda, \u00e8 in Germania, ed \u00e8 la mia citt\u00e0.<\/p>\n<p>Non sono nata qui, ma qui vivo, e mi basta per sentirmi a casa.<\/p>\n<p>Sul tram giallo mi piace guardare fuori dal finestrino il profilo della citt\u00e0 al tramonto, una citt\u00e0 distrutta e ricostruita, una quinta teatrale barocca di pietra nera e oro, che pare fatta del cartone magico di un palcoscenico di prosa.<\/p>\n<p>Ci si aspetta quasi di poter vedere, un giorno, dall&#8217;alto di una torre o di un campanile, i cavi elettrici e i fari del teatro, ma no, \u00e8 vita vera, pietra vera, neve vera quella che suona sotto i piedi e quella prigioniera sotto le suole degli scarponi che sporcano il pavimento del tram riscaldato, il tram che mi porta verso casa.<\/p>\n<p>Sul tram non puoi perderti, \u00e8 facile seguire le indicazioni, una voce di donna annuncia la fermata e un cartello luminoso annuncia le due successive.<\/p>\n<p>Carolabr\u00fccke, Louisenstrasse, Albertplatz&#8230;<\/p>\n<p>Synagoge.<\/p>\n<p>La lettera \u201cy\u201d in tedesco viene pronunciata \u201calla greca\u201d, come una \u201c\u00fc\u201d: suonando quindi come \u201cs\u00fcnagoge\u201d il nome della fermata e dell&#8217;edificio dal quale prende il nome.<\/p>\n<p>La fermata Synagoge \u00e8 quella alla quale scendo, \u00e8 di fianco alla nuova sinagoga, moderna, lineare, lontana dalle linee orientaleggianti delle vecchie sinagoghe europee, costruita alla fine del lutto, affinch\u00e9 il lutto potesse essere portato.<\/p>\n<p>Camminare per Dresda \u00e8 come camminare nel Novecento.<\/p>\n<p>La vecchia sinagoga fu distrutta durante la notte dei cristalli, la citt\u00e0 intera fu rasa al suolo alla fine della guerra da un bombardamento anglo americano.<\/p>\n<p>Nella piazza principale di Dresda una scritta rissume quanto successe: \u201c<em>l&#8217;orrore che la Germania port\u00f2 nel mondo, quella notte piomb\u00f2 nelle nostre case<\/em>\u201d.<\/p>\n<p>Quando scendo a Synagoge mi fermo, a volte, a guardare le linee del tempio che si innalzano verso il cielo, verso quelle nuvole che videro gli aerei sganciare le bombe al fosforo, verso lo stesso cielo che vide le fiamme bruciare la vecchia sinagoga, verso il cielo che acccolse il fumo di Auschwitz, alimentato dai treni della morte che da Dresda partivano o passavano, senza sosta, con rigida efficienza tedesca.<\/p>\n<p>Quando scendo a Synagoge sento sui vestiti l&#8217;alito schifoso della guerra, sento il freddo della notte, il brivido del buio, lo scorrere, vicino, del fiume nero e gelido.<\/p>\n<p>La lingua tedesca non aiuta, il nazismo ha rubato anche le parole, costringe tutti noi a ricordare anche quando non vorremmo, a fermarci davanti alle parole neutre, che neutre non sono pi\u00f9.<\/p>\n<p>Il magazzino sotto alla sinagoga ha un cartello, che lo indica, col suo nome:<\/p>\n<p>\u201cLager\u201d.<\/p>\n<p>&nbsp;<\/p>\n<p>&nbsp;<\/p>\n<p>&nbsp;<\/p>\n<p>&nbsp;<\/p>\n<p>&nbsp;<\/p>\n<div class=\"pvc_clear\"><\/div>\n<p id=\"pvc_stats_10364\" class=\"pvc_stats all  \" data-element-id=\"10364\" style=\"\"><i class=\"pvc-stats-icon medium\" aria-hidden=\"true\"><svg aria-hidden=\"true\" focusable=\"false\" data-prefix=\"far\" data-icon=\"chart-bar\" role=\"img\" xmlns=\"http:\/\/www.w3.org\/2000\/svg\" viewBox=\"0 0 512 512\" class=\"svg-inline--fa fa-chart-bar fa-w-16 fa-2x\"><path fill=\"currentColor\" d=\"M396.8 352h22.4c6.4 0 12.8-6.4 12.8-12.8V108.8c0-6.4-6.4-12.8-12.8-12.8h-22.4c-6.4 0-12.8 6.4-12.8 12.8v230.4c0 6.4 6.4 12.8 12.8 12.8zm-192 0h22.4c6.4 0 12.8-6.4 12.8-12.8V140.8c0-6.4-6.4-12.8-12.8-12.8h-22.4c-6.4 0-12.8 6.4-12.8 12.8v198.4c0 6.4 6.4 12.8 12.8 12.8zm96 0h22.4c6.4 0 12.8-6.4 12.8-12.8V204.8c0-6.4-6.4-12.8-12.8-12.8h-22.4c-6.4 0-12.8 6.4-12.8 12.8v134.4c0 6.4 6.4 12.8 12.8 12.8zM496 400H48V80c0-8.84-7.16-16-16-16H16C7.16 64 0 71.16 0 80v336c0 17.67 14.33 32 32 32h464c8.84 0 16-7.16 16-16v-16c0-8.84-7.16-16-16-16zm-387.2-48h22.4c6.4 0 12.8-6.4 12.8-12.8v-70.4c0-6.4-6.4-12.8-12.8-12.8h-22.4c-6.4 0-12.8 6.4-12.8 12.8v70.4c0 6.4 6.4 12.8 12.8 12.8z\" class=\"\"><\/path><\/svg><\/i> <img loading=\"lazy\" decoding=\"async\" width=\"16\" height=\"16\" alt=\"Loading\" src=\"https:\/\/www.raccontinellarete.it\/301\/wp-content\/plugins\/page-views-count\/ajax-loader-2x.gif\" border=0 \/><\/p>\n<div class=\"pvc_clear\"><\/div>\n","protected":false},"excerpt":{"rendered":"<p>Il tram giallo passa veloce e silenzioso lungo le vene elettriche della citt\u00e0, la citt\u00e0 si chiama Dresda, \u00e8 in Germania, ed \u00e8 la mia citt\u00e0. Non sono nata qui, ma qui vivo, e mi basta per sentirmi a casa. Sul tram giallo mi piace guardare fuori dal finestrino il profilo della citt\u00e0 al tramonto, [&hellip;]<\/p>\n<div class=\"pvc_clear\"><\/div>\n<p id=\"pvc_stats_10364\" class=\"pvc_stats all  \" data-element-id=\"10364\" style=\"\"><i class=\"pvc-stats-icon medium\" aria-hidden=\"true\"><svg aria-hidden=\"true\" focusable=\"false\" data-prefix=\"far\" data-icon=\"chart-bar\" role=\"img\" xmlns=\"http:\/\/www.w3.org\/2000\/svg\" viewBox=\"0 0 512 512\" class=\"svg-inline--fa fa-chart-bar fa-w-16 fa-2x\"><path fill=\"currentColor\" d=\"M396.8 352h22.4c6.4 0 12.8-6.4 12.8-12.8V108.8c0-6.4-6.4-12.8-12.8-12.8h-22.4c-6.4 0-12.8 6.4-12.8 12.8v230.4c0 6.4 6.4 12.8 12.8 12.8zm-192 0h22.4c6.4 0 12.8-6.4 12.8-12.8V140.8c0-6.4-6.4-12.8-12.8-12.8h-22.4c-6.4 0-12.8 6.4-12.8 12.8v198.4c0 6.4 6.4 12.8 12.8 12.8zm96 0h22.4c6.4 0 12.8-6.4 12.8-12.8V204.8c0-6.4-6.4-12.8-12.8-12.8h-22.4c-6.4 0-12.8 6.4-12.8 12.8v134.4c0 6.4 6.4 12.8 12.8 12.8zM496 400H48V80c0-8.84-7.16-16-16-16H16C7.16 64 0 71.16 0 80v336c0 17.67 14.33 32 32 32h464c8.84 0 16-7.16 16-16v-16c0-8.84-7.16-16-16-16zm-387.2-48h22.4c6.4 0 12.8-6.4 12.8-12.8v-70.4c0-6.4-6.4-12.8-12.8-12.8h-22.4c-6.4 0-12.8 6.4-12.8 12.8v70.4c0 6.4 6.4 12.8 12.8 12.8z\" class=\"\"><\/path><\/svg><\/i> <img loading=\"lazy\" decoding=\"async\" width=\"16\" height=\"16\" alt=\"Loading\" src=\"https:\/\/www.raccontinellarete.it\/301\/wp-content\/plugins\/page-views-count\/ajax-loader-2x.gif\" border=0 \/><\/p>\n<div class=\"pvc_clear\"><\/div>\n","protected":false},"author":1359,"featured_media":0,"comment_status":"open","ping_status":"closed","sticky":false,"template":"","format":"standard","meta":{"footnotes":""},"categories":[34],"tags":[],"class_list":["post-10364","post","type-post","status-publish","format-standard","hentry","category-premio-racconti-nella-rete-2012"],"_links":{"self":[{"href":"https:\/\/www.raccontinellarete.it\/index.php?rest_route=\/wp\/v2\/posts\/10364"}],"collection":[{"href":"https:\/\/www.raccontinellarete.it\/index.php?rest_route=\/wp\/v2\/posts"}],"about":[{"href":"https:\/\/www.raccontinellarete.it\/index.php?rest_route=\/wp\/v2\/types\/post"}],"author":[{"embeddable":true,"href":"https:\/\/www.raccontinellarete.it\/index.php?rest_route=\/wp\/v2\/users\/1359"}],"replies":[{"embeddable":true,"href":"https:\/\/www.raccontinellarete.it\/index.php?rest_route=%2Fwp%2Fv2%2Fcomments&post=10364"}],"version-history":[{"count":3,"href":"https:\/\/www.raccontinellarete.it\/index.php?rest_route=\/wp\/v2\/posts\/10364\/revisions"}],"predecessor-version":[{"id":10526,"href":"https:\/\/www.raccontinellarete.it\/index.php?rest_route=\/wp\/v2\/posts\/10364\/revisions\/10526"}],"wp:attachment":[{"href":"https:\/\/www.raccontinellarete.it\/index.php?rest_route=%2Fwp%2Fv2%2Fmedia&parent=10364"}],"wp:term":[{"taxonomy":"category","embeddable":true,"href":"https:\/\/www.raccontinellarete.it\/index.php?rest_route=%2Fwp%2Fv2%2Fcategories&post=10364"},{"taxonomy":"post_tag","embeddable":true,"href":"https:\/\/www.raccontinellarete.it\/index.php?rest_route=%2Fwp%2Fv2%2Ftags&post=10364"}],"curies":[{"name":"wp","href":"https:\/\/api.w.org\/{rel}","templated":true}]}}