{"id":10347,"date":"2012-05-28T17:51:33","date_gmt":"2012-05-28T16:51:33","guid":{"rendered":"http:\/\/www.raccontinellarete.it\/?p=10347"},"modified":"2012-05-28T18:01:17","modified_gmt":"2012-05-28T17:01:17","slug":"premio-racconti-nella-rete-2012-problemi-di-manutenzione-ordinaria-di-donatella-pisano","status":"publish","type":"post","link":"https:\/\/www.raccontinellarete.it\/?p=10347","title":{"rendered":"Premio Racconti nella Rete 2012 &#8220;Problemi di manutenzione ordinaria&#8221; di Donatella Pisano"},"content":{"rendered":"<p><span style=\"color: black; font-family: Georgia; font-size: small;\">Il 46 fermava davanti alla Chiesa Nuova. Scesa dall\u2019autobus attraversavo Corso Vittorio e imboccavo Vicolo Sforza Cesarini. Se non c\u2019era zia Elia da salutare proseguivo per Piazza dell\u2019Orologio e da l\u00ec, passando per Via degli Orsini, di fronte a Palazzo Taverna svoltavo a destra per Via di Monte Giordano. A quel punto acceleravo il passo perch\u00e9 mancava pochissimo all\u2019arrivo. Ad ogni civico una bottega. Il fabbro mi riconosceva per primo: \u201cA piccol\u00e9\u2026 \u2018ndo\u2019 vai? Da pap\u00e0? Ce sta, ce sta, senti come canta\u2026\u201d. Che fosse <em><em><span style=\"font-family: Georgia;\">\u201cUn d\u00ec all\u2019azzurro spazio\u201d<\/span><\/em><\/em> oppure <em><em><span style=\"font-family: Georgia;\">\u201cNessun dorma\u201d<\/span><\/em><\/em> o quello che gli andasse in quel momento, prendeva corpo dall\u2019interno del palazzo di fronte alla salita del Montonaccio e risuonava fino a Piazza del Fico. Non potevi non essere orgogliosa di cotanto genitore. Finalmente arrivavo quasi di corsa al negozio, lui lo chiamava \u201cil laboratorio\u201d, e mi precipitavo a salutarlo e abbracciarlo forte. Qualche volta mi toccava aspettare l\u2019acuto finale: \u201cL\u2019ho provato e riprovato tutto il giorno. Senti come fa\u2026\u201d mi sussurrava.<\/span><\/p>\n<p><span style=\"color: black; font-family: Georgia; font-size: small;\">Mio padre era la colonna portante della mia vita. Una colonna dorica, per\u00f2. Non amava i fronzoli. Nella sua tomba mia madre ha deposto un ramo di albero di fico, un tralcio di vite e un pezzo di legno. Era un ebanista raffinato, ricercato da antiquari, architetti e privati facoltosi, ma si divertiva a presentarsi: \u201cPiacere, Vittorio. Faccio il falegname povero\u201d. Io ero la prima dei suoi quattro pinocchi. Forse la pi\u00f9 amata. Probabilmente la preferita. Credo perch\u00e9, a differenza degli altri che lo hanno fatto molto prima di me, io ho trovato la forza di allontanarmi da lui soltanto quando ho saputo di aspettare un figlio. Avevo quarant\u2019anni, ero sempre vissuta in casa con i miei genitori e da sette anni assistevo sconsolata al suo declino a causa dell\u2019Alzheimer.<\/span><\/p>\n<p><span style=\"color: black; font-family: Georgia; font-size: small;\">I portelloni delle finestre cedono uno dopo l\u2019altro. Le cerniere arrugginiscono, cominciano a forzare, poi si bloccano e al primo colpo di vento, in genere alle raffiche di settembre quando le prime piogge raffrescano l\u2019ultimo caldo estivo, le imposte precipitano a terra con un tonfo sordo. Naturalmente prima c\u2019era mio padre che se ne occupava. Adesso preghiamo nostro fratello, tra i legittimi l\u2019erede supposto pi\u00f9 spirituale mentre non potrebbe essergli pi\u00f9 diverso, di soccorrere la casa di famiglia nei suoi infiniti acciacchi.<\/span><\/p>\n<p><span style=\"color: black; font-family: Georgia; font-size: small;\">Io per la mia invece ho trovato Giovanni. \u00c8 un tuttofare di mezza et\u00e0, di buona volont\u00e0, mattiniero, organizzato, lesto. Arriva presto e finisce tardi. E nel frattempo fa un mucchio di cose. Certo, non perfette come mio padre &#8211; il confronto non lo potrebbe reggere nessuno \u2013 ma senz\u2019altro discrete. Ad osservarlo bene, un po\u2019 me lo ricorda. Stesso fisico asciutto, quell\u2019approccio sorridente al lavoro, con la battuta pronta. E poi canticchia mentre impasta o sega o incolla. Apprezza qualsiasi piatto prepari a pranzo e per questo lo invito volentieri a mangiare con noi. Mi da soddisfazione, proprio come faceva mio padre quando da ragazza sperimentavo in cucina e scherza volentieri col mio Orlando che oggi compie cinque anni.<\/span><\/p>\n<p><span style=\"color: black; font-family: Georgia; font-size: small;\">Se non fosse per il fatto che mi sforzo di non essere credente in generale, potrei pensare che lo spirito di Vittorio-il-falegname-povero si sia calato nel corpo di Giovanni. Siccome non ci riesco, a non essere credente, allora mi ritrovo a immaginare almeno che mio padre da lass\u00f9 abbia fatto in modo di farmi incontrare un suo alter-ego, uno che mi aiuti a risolvere quelli che sono ormai anche per me angoscianti <em><em><span style=\"font-family: Georgia;\">problemi di<\/span><\/em><\/em> <em><em><span style=\"font-family: Georgia;\">manutenzione ordinaria<\/span><\/em><\/em>. Continuo a scrutarlo da dietro la finestra, lui mi da le spalle, la maglietta sudata sotto il sole, va avanti e indietro per il giardino.<\/span><\/p>\n<p><span style=\"color: black; font-family: Georgia; font-size: small;\">Non pu\u00f2 accorgersi che sto piangendo.<\/span><\/p>\n<p><span style=\"color: black; font-family: Georgia; font-size: small;\">Giovanni non pu\u00f2 essere Vittorio. Se \u00e8 per questo non \u00e8 nemmeno Giovanni.<\/span><\/p>\n<p><span style=\"color: black; font-family: Georgia; font-size: small;\">Giovanni \u00e8 John e viene da Bucharest, Romania.<\/span><\/p>\n<div class=\"pvc_clear\"><\/div>\n<p id=\"pvc_stats_10347\" class=\"pvc_stats all  \" data-element-id=\"10347\" style=\"\"><i class=\"pvc-stats-icon medium\" aria-hidden=\"true\"><svg aria-hidden=\"true\" focusable=\"false\" data-prefix=\"far\" data-icon=\"chart-bar\" role=\"img\" xmlns=\"http:\/\/www.w3.org\/2000\/svg\" viewBox=\"0 0 512 512\" class=\"svg-inline--fa fa-chart-bar fa-w-16 fa-2x\"><path fill=\"currentColor\" d=\"M396.8 352h22.4c6.4 0 12.8-6.4 12.8-12.8V108.8c0-6.4-6.4-12.8-12.8-12.8h-22.4c-6.4 0-12.8 6.4-12.8 12.8v230.4c0 6.4 6.4 12.8 12.8 12.8zm-192 0h22.4c6.4 0 12.8-6.4 12.8-12.8V140.8c0-6.4-6.4-12.8-12.8-12.8h-22.4c-6.4 0-12.8 6.4-12.8 12.8v198.4c0 6.4 6.4 12.8 12.8 12.8zm96 0h22.4c6.4 0 12.8-6.4 12.8-12.8V204.8c0-6.4-6.4-12.8-12.8-12.8h-22.4c-6.4 0-12.8 6.4-12.8 12.8v134.4c0 6.4 6.4 12.8 12.8 12.8zM496 400H48V80c0-8.84-7.16-16-16-16H16C7.16 64 0 71.16 0 80v336c0 17.67 14.33 32 32 32h464c8.84 0 16-7.16 16-16v-16c0-8.84-7.16-16-16-16zm-387.2-48h22.4c6.4 0 12.8-6.4 12.8-12.8v-70.4c0-6.4-6.4-12.8-12.8-12.8h-22.4c-6.4 0-12.8 6.4-12.8 12.8v70.4c0 6.4 6.4 12.8 12.8 12.8z\" class=\"\"><\/path><\/svg><\/i> <img loading=\"lazy\" decoding=\"async\" width=\"16\" height=\"16\" alt=\"Loading\" src=\"https:\/\/www.raccontinellarete.it\/301\/wp-content\/plugins\/page-views-count\/ajax-loader-2x.gif\" border=0 \/><\/p>\n<div class=\"pvc_clear\"><\/div>\n","protected":false},"excerpt":{"rendered":"<p>Il 46 fermava davanti alla Chiesa Nuova. Scesa dall\u2019autobus attraversavo Corso Vittorio e imboccavo Vicolo Sforza Cesarini. Se non c\u2019era zia Elia da salutare proseguivo per Piazza dell\u2019Orologio e da l\u00ec, passando per Via degli Orsini, di fronte a Palazzo Taverna svoltavo a destra per Via di Monte Giordano. A quel punto acceleravo il passo [&hellip;]<\/p>\n<div class=\"pvc_clear\"><\/div>\n<p id=\"pvc_stats_10347\" class=\"pvc_stats all  \" data-element-id=\"10347\" style=\"\"><i class=\"pvc-stats-icon medium\" aria-hidden=\"true\"><svg aria-hidden=\"true\" focusable=\"false\" data-prefix=\"far\" data-icon=\"chart-bar\" role=\"img\" xmlns=\"http:\/\/www.w3.org\/2000\/svg\" viewBox=\"0 0 512 512\" class=\"svg-inline--fa fa-chart-bar fa-w-16 fa-2x\"><path fill=\"currentColor\" d=\"M396.8 352h22.4c6.4 0 12.8-6.4 12.8-12.8V108.8c0-6.4-6.4-12.8-12.8-12.8h-22.4c-6.4 0-12.8 6.4-12.8 12.8v230.4c0 6.4 6.4 12.8 12.8 12.8zm-192 0h22.4c6.4 0 12.8-6.4 12.8-12.8V140.8c0-6.4-6.4-12.8-12.8-12.8h-22.4c-6.4 0-12.8 6.4-12.8 12.8v198.4c0 6.4 6.4 12.8 12.8 12.8zm96 0h22.4c6.4 0 12.8-6.4 12.8-12.8V204.8c0-6.4-6.4-12.8-12.8-12.8h-22.4c-6.4 0-12.8 6.4-12.8 12.8v134.4c0 6.4 6.4 12.8 12.8 12.8zM496 400H48V80c0-8.84-7.16-16-16-16H16C7.16 64 0 71.16 0 80v336c0 17.67 14.33 32 32 32h464c8.84 0 16-7.16 16-16v-16c0-8.84-7.16-16-16-16zm-387.2-48h22.4c6.4 0 12.8-6.4 12.8-12.8v-70.4c0-6.4-6.4-12.8-12.8-12.8h-22.4c-6.4 0-12.8 6.4-12.8 12.8v70.4c0 6.4 6.4 12.8 12.8 12.8z\" class=\"\"><\/path><\/svg><\/i> <img loading=\"lazy\" decoding=\"async\" width=\"16\" height=\"16\" alt=\"Loading\" src=\"https:\/\/www.raccontinellarete.it\/301\/wp-content\/plugins\/page-views-count\/ajax-loader-2x.gif\" border=0 \/><\/p>\n<div class=\"pvc_clear\"><\/div>\n","protected":false},"author":2822,"featured_media":0,"comment_status":"open","ping_status":"closed","sticky":false,"template":"","format":"standard","meta":{"footnotes":""},"categories":[34],"tags":[],"class_list":["post-10347","post","type-post","status-publish","format-standard","hentry","category-premio-racconti-nella-rete-2012"],"_links":{"self":[{"href":"https:\/\/www.raccontinellarete.it\/index.php?rest_route=\/wp\/v2\/posts\/10347"}],"collection":[{"href":"https:\/\/www.raccontinellarete.it\/index.php?rest_route=\/wp\/v2\/posts"}],"about":[{"href":"https:\/\/www.raccontinellarete.it\/index.php?rest_route=\/wp\/v2\/types\/post"}],"author":[{"embeddable":true,"href":"https:\/\/www.raccontinellarete.it\/index.php?rest_route=\/wp\/v2\/users\/2822"}],"replies":[{"embeddable":true,"href":"https:\/\/www.raccontinellarete.it\/index.php?rest_route=%2Fwp%2Fv2%2Fcomments&post=10347"}],"version-history":[{"count":5,"href":"https:\/\/www.raccontinellarete.it\/index.php?rest_route=\/wp\/v2\/posts\/10347\/revisions"}],"predecessor-version":[{"id":10495,"href":"https:\/\/www.raccontinellarete.it\/index.php?rest_route=\/wp\/v2\/posts\/10347\/revisions\/10495"}],"wp:attachment":[{"href":"https:\/\/www.raccontinellarete.it\/index.php?rest_route=%2Fwp%2Fv2%2Fmedia&parent=10347"}],"wp:term":[{"taxonomy":"category","embeddable":true,"href":"https:\/\/www.raccontinellarete.it\/index.php?rest_route=%2Fwp%2Fv2%2Fcategories&post=10347"},{"taxonomy":"post_tag","embeddable":true,"href":"https:\/\/www.raccontinellarete.it\/index.php?rest_route=%2Fwp%2Fv2%2Ftags&post=10347"}],"curies":[{"name":"wp","href":"https:\/\/api.w.org\/{rel}","templated":true}]}}