{"id":10178,"date":"2012-05-27T21:52:45","date_gmt":"2012-05-27T20:52:45","guid":{"rendered":"http:\/\/www.raccontinellarete.it\/?p=10178"},"modified":"2012-05-27T21:52:45","modified_gmt":"2012-05-27T20:52:45","slug":"premio-racconti-nella-rete-2012-olivetti-studio-46-il-bit-di-quello-che-cera-di-edoardo-micati","status":"publish","type":"post","link":"https:\/\/www.raccontinellarete.it\/?p=10178","title":{"rendered":"Premio Racconti nella Rete 2012 &#8220;Olivetti Studio 46, il Bit di quello che c&#8217;era&#8221; di Edoardo Micati"},"content":{"rendered":"<p>Il mio sofisticatissimo ACER 5738, programma Vista, dopo averlo spento a tarda sera, si \u00e8 rifiutato di funzionare, avvisandomi gentilmente che: \u201c A DISCK READ ERROR OCCURRED\u201d, insomma andava riformattato. Riformattare, parola che sta a significare: \u201c Procedura gestita da un softweare per rendere un mini disco, o un altro supporto di memoria, idoneo a ospitare dati.\u201d<\/p>\n<p>Una sola parola per farmi capire che tutto ci\u00f2 che c\u2019era nella memoria del mio computer rischiava d\u2019andarsi a farsi fottere.<\/p>\n<p>Cos\u00ec, senza pensarci due volte, l\u2019ho impacchettato e rispedito alla ACER.<\/p>\n<p>Trovarsi senza computer, per chi come me lo utilizza di continuo, cominciando dal primo mattino per leggersi le varie testate dei quotidiani, \u00e8 come non avere un braccio; sulle prime ho tergiversato con dei lavoretti di giardinaggio, Franca ne ha subito profittato per spostamenti nella casa da tempo rinviati, il cane Pluto ha beneficiato di pi\u00f9 frequenti scorazzate in campagna e lungo la costiera di San Foca, ma poi t\u2019assale il desiderio di quella maledettissima tastiera, come l\u2019ubriaco attaccato al collo d\u2019una bottiglia di vino, ma non posso dire come il drogato in crisi d\u2019astinenza, mai sono andato oltre le sigarette, e ne ho tirate a milioni.<\/p>\n<p>Al centro d\u2019assistenza mi hanno predetto un\u2019attesa non inferiore ai 10 giorni, compreso il viaggio di ritorno, un tempo enorme. Pensai, cosa diranno i miei amici di Facebook? Quelli che mi conoscono bene considereranno che ho il computer fuori uso, ma gli altri, fra questi i tanti del Mondo, i venezuelani, i portoghesi, i birmani, degli Stati uniti, gli iraniani, ecc. ecc., con i quali sono in contatto, dopo 10 giorni cominceranno a prendere in considerazione la mia eventuale dipartita terrena.<\/p>\n<p>Ah, se avessi una tastiera! Tastiera? S\u2019accese, identica a quella dei fumetti, la classica lampadina! Edoardo, svegliati, ce ne \u00e8 una di tastiera, \u00e8 nel solaio, quella della tua Olivetti Studio 46 . L\u2019hai utilizzata per una vita, per il tuo lavoro di rappresentante, per scrivere i tuoi primi racconti.<\/p>\n<p>Un istante dopo ero su a cercare fra le innumerevoli cose inutili conservate, poi, sotto l\u2019enorme involucro del presepe, alla fine la trovai. Rimossi la polvere, qualche ragnatela, ma, prima di aprire la custodia, un atroce dubbio si fece avanti: ci sar\u00e0 almeno il nastro, se no a che potr\u00e0 servirmi?<\/p>\n<p>C\u2019era, e funzionava perfettamente. La tastiera pareva, in scala, il modellino della gradinata di un anfiteatro ma, mentre quella del computer basta sfiorarla, qui bisogna pestare sui tasti. Tuttavia, veder muovere il carrello, scoprire la funzionalit\u00e0 della macchina, mi procur\u00f2 un piacere indicibile. La forza motrice la producevano le mie dita, erano loro a decidere la velocit\u00e0.<\/p>\n<p>Mi accorsi che stavo canticchiando il motivetto del Ponte sul Fiume Kway , quello con Alec Guinness, accompagnandolo col ticchettio dei tasti per cadenzarne il ritmo.<\/p>\n<p>Subito Franca mi fece notare che mai al computer lo facevo.<\/p>\n<p>Il nastro copiativo era del tipo bicolore, rosso e nero come le brutte maglie del Milan, mentre, man mano che scrivevo, apparivano righe nere e spazi bianchi, come le odiate casacche juventine.<\/p>\n<p>Macchina da scrivere pretende carta e, fortunatamente, in certe vecchie cartelle scoprii l\u2019ultimo dei Mohicani, un rarissimo foglio di carta copiativa, messo in mezzo a due risme di fogli commerciali e protocollo. In una scatola da scarpe c\u2019erano delle gomme per cancellare, quelle tenere per le matite, dure per la scrittura con inchiostro. Nella mia borsa comprendi tutto, quella che mio nipote Alessandro chiama \u201cla valigetta magica di nonno Edo\u201d, in un sacchettino, ho rinvenuto delle ceralacche per sigillare i plichi. Rovistando, uscirono fuori delle graffette, la punzonatrice, le punesse, la macchinetta spillatrice, le etichette auto adesive con i contorni a forma di ghirigori, la scatoletta con gli spilli, i temperamatite, le due boccettine di scolorina, la stilografica d\u2019oro placcato, regalatami per la cresima, la mia prima, voluminosa, penna a biro, decine di mozziconi di matite d\u2019ogni misura, persino quelle a doppia punta, blu e rosse, il compasso, squadra e righello, e, udite, udite, un tampone di carta assorbente con l\u2019impugnatura di pelle marrone scuro, tutte cose che ho utilizzato dai 5 a sessanta anni, sparite con l\u2019avvento dei computer.<\/p>\n<p>Sarebbero mai venute alla luce se non si fosse rotto il mio potentissimo ACER Aspire 5378, col quale riesco a collegarmi all\u2019istante col Mondo intero, pi\u00f9 velocemente d\u2019uno schioccare delle dita, l\u2019avrei mai rispolverate, m\u2019avrebbero permesso un viaggio all\u2019indietro nel mio passato?<\/p>\n<p>P.S. Il mio Acer \u00e8 ritornato, ora la mia Olivetti Studio 46 \u00e8 di nuovo sul nel solaio a riposare, ma pronta ad ogni futura evenienza, corredata pure di una decina di nastri avuti in regalo da un amico, ex funzionario all\u2019Inps.<\/p>\n<p><strong>\u00a0<\/strong><\/p>\n<p><strong>\u00a0<\/strong><\/p>\n<div class=\"pvc_clear\"><\/div>\n<p id=\"pvc_stats_10178\" class=\"pvc_stats all  \" data-element-id=\"10178\" style=\"\"><i class=\"pvc-stats-icon medium\" aria-hidden=\"true\"><svg aria-hidden=\"true\" focusable=\"false\" data-prefix=\"far\" data-icon=\"chart-bar\" role=\"img\" xmlns=\"http:\/\/www.w3.org\/2000\/svg\" viewBox=\"0 0 512 512\" class=\"svg-inline--fa fa-chart-bar fa-w-16 fa-2x\"><path fill=\"currentColor\" d=\"M396.8 352h22.4c6.4 0 12.8-6.4 12.8-12.8V108.8c0-6.4-6.4-12.8-12.8-12.8h-22.4c-6.4 0-12.8 6.4-12.8 12.8v230.4c0 6.4 6.4 12.8 12.8 12.8zm-192 0h22.4c6.4 0 12.8-6.4 12.8-12.8V140.8c0-6.4-6.4-12.8-12.8-12.8h-22.4c-6.4 0-12.8 6.4-12.8 12.8v198.4c0 6.4 6.4 12.8 12.8 12.8zm96 0h22.4c6.4 0 12.8-6.4 12.8-12.8V204.8c0-6.4-6.4-12.8-12.8-12.8h-22.4c-6.4 0-12.8 6.4-12.8 12.8v134.4c0 6.4 6.4 12.8 12.8 12.8zM496 400H48V80c0-8.84-7.16-16-16-16H16C7.16 64 0 71.16 0 80v336c0 17.67 14.33 32 32 32h464c8.84 0 16-7.16 16-16v-16c0-8.84-7.16-16-16-16zm-387.2-48h22.4c6.4 0 12.8-6.4 12.8-12.8v-70.4c0-6.4-6.4-12.8-12.8-12.8h-22.4c-6.4 0-12.8 6.4-12.8 12.8v70.4c0 6.4 6.4 12.8 12.8 12.8z\" class=\"\"><\/path><\/svg><\/i> <img loading=\"lazy\" decoding=\"async\" width=\"16\" height=\"16\" alt=\"Loading\" src=\"https:\/\/www.raccontinellarete.it\/301\/wp-content\/plugins\/page-views-count\/ajax-loader-2x.gif\" border=0 \/><\/p>\n<div class=\"pvc_clear\"><\/div>\n","protected":false},"excerpt":{"rendered":"<p>Il mio sofisticatissimo ACER 5738, programma Vista, dopo averlo spento a tarda sera, si \u00e8 rifiutato di funzionare, avvisandomi gentilmente che: \u201c A DISCK READ ERROR OCCURRED\u201d, insomma andava riformattato. Riformattare, parola che sta a significare: \u201c Procedura gestita da un softweare per rendere un mini disco, o un altro supporto di memoria, idoneo a [&hellip;]<\/p>\n<div class=\"pvc_clear\"><\/div>\n<p id=\"pvc_stats_10178\" class=\"pvc_stats all  \" data-element-id=\"10178\" style=\"\"><i class=\"pvc-stats-icon medium\" aria-hidden=\"true\"><svg aria-hidden=\"true\" focusable=\"false\" data-prefix=\"far\" data-icon=\"chart-bar\" role=\"img\" xmlns=\"http:\/\/www.w3.org\/2000\/svg\" viewBox=\"0 0 512 512\" class=\"svg-inline--fa fa-chart-bar fa-w-16 fa-2x\"><path fill=\"currentColor\" d=\"M396.8 352h22.4c6.4 0 12.8-6.4 12.8-12.8V108.8c0-6.4-6.4-12.8-12.8-12.8h-22.4c-6.4 0-12.8 6.4-12.8 12.8v230.4c0 6.4 6.4 12.8 12.8 12.8zm-192 0h22.4c6.4 0 12.8-6.4 12.8-12.8V140.8c0-6.4-6.4-12.8-12.8-12.8h-22.4c-6.4 0-12.8 6.4-12.8 12.8v198.4c0 6.4 6.4 12.8 12.8 12.8zm96 0h22.4c6.4 0 12.8-6.4 12.8-12.8V204.8c0-6.4-6.4-12.8-12.8-12.8h-22.4c-6.4 0-12.8 6.4-12.8 12.8v134.4c0 6.4 6.4 12.8 12.8 12.8zM496 400H48V80c0-8.84-7.16-16-16-16H16C7.16 64 0 71.16 0 80v336c0 17.67 14.33 32 32 32h464c8.84 0 16-7.16 16-16v-16c0-8.84-7.16-16-16-16zm-387.2-48h22.4c6.4 0 12.8-6.4 12.8-12.8v-70.4c0-6.4-6.4-12.8-12.8-12.8h-22.4c-6.4 0-12.8 6.4-12.8 12.8v70.4c0 6.4 6.4 12.8 12.8 12.8z\" class=\"\"><\/path><\/svg><\/i> <img loading=\"lazy\" decoding=\"async\" width=\"16\" height=\"16\" alt=\"Loading\" src=\"https:\/\/www.raccontinellarete.it\/301\/wp-content\/plugins\/page-views-count\/ajax-loader-2x.gif\" border=0 \/><\/p>\n<div class=\"pvc_clear\"><\/div>\n","protected":false},"author":2806,"featured_media":0,"comment_status":"open","ping_status":"closed","sticky":false,"template":"","format":"standard","meta":{"footnotes":""},"categories":[34],"tags":[],"class_list":["post-10178","post","type-post","status-publish","format-standard","hentry","category-premio-racconti-nella-rete-2012"],"_links":{"self":[{"href":"https:\/\/www.raccontinellarete.it\/index.php?rest_route=\/wp\/v2\/posts\/10178"}],"collection":[{"href":"https:\/\/www.raccontinellarete.it\/index.php?rest_route=\/wp\/v2\/posts"}],"about":[{"href":"https:\/\/www.raccontinellarete.it\/index.php?rest_route=\/wp\/v2\/types\/post"}],"author":[{"embeddable":true,"href":"https:\/\/www.raccontinellarete.it\/index.php?rest_route=\/wp\/v2\/users\/2806"}],"replies":[{"embeddable":true,"href":"https:\/\/www.raccontinellarete.it\/index.php?rest_route=%2Fwp%2Fv2%2Fcomments&post=10178"}],"version-history":[{"count":3,"href":"https:\/\/www.raccontinellarete.it\/index.php?rest_route=\/wp\/v2\/posts\/10178\/revisions"}],"predecessor-version":[{"id":10180,"href":"https:\/\/www.raccontinellarete.it\/index.php?rest_route=\/wp\/v2\/posts\/10178\/revisions\/10180"}],"wp:attachment":[{"href":"https:\/\/www.raccontinellarete.it\/index.php?rest_route=%2Fwp%2Fv2%2Fmedia&parent=10178"}],"wp:term":[{"taxonomy":"category","embeddable":true,"href":"https:\/\/www.raccontinellarete.it\/index.php?rest_route=%2Fwp%2Fv2%2Fcategories&post=10178"},{"taxonomy":"post_tag","embeddable":true,"href":"https:\/\/www.raccontinellarete.it\/index.php?rest_route=%2Fwp%2Fv2%2Ftags&post=10178"}],"curies":[{"name":"wp","href":"https:\/\/api.w.org\/{rel}","templated":true}]}}