{"id":10120,"date":"2012-06-03T17:59:59","date_gmt":"2012-06-03T16:59:59","guid":{"rendered":"http:\/\/www.raccontinellarete.it\/?p=10120"},"modified":"2012-06-03T17:59:59","modified_gmt":"2012-06-03T16:59:59","slug":"premio-racconti-per-corti-domenica-bambina-di-paola-rezzoagli","status":"publish","type":"post","link":"https:\/\/www.raccontinellarete.it\/?p=10120","title":{"rendered":"Premio Racconti per Corti &#8220;Domenica bambina&#8221; di Paola Rezzoagli"},"content":{"rendered":"<p>L\u2019odore della casa dei nonni . L\u2019odore del brodo di carne e del caff\u00e8 la mattina appena sveglia, le voci della mamma e della nonna che chiacchierano. Tutto ci\u00f2 mi dava una sensazione rassicurante quasi che il mio passato e il mio presente si unissero tra loro dandomi la certezza di un futuro tranquillo, sicuro. L\u2019amore della mamma, dolce e duro al contempo. L\u2019amore della nonna tenero, nostalgico e raro. Il letto che non era il mio ma che abitavo da sempre. La curiosit\u00e0 di ascoltare i discorsi dei grandi e di capire cosa dicessero , di quale antico conoscente, zio o cugino parlassero. La voglia di andare in cucina a partecipare ai discorsi, a dire: \u201c Ehi ci sono anche io qui!\u201d.<br \/>\nMa la trepidante attesa che fossero loro a venirmi a svegliare.<br \/>\n\u201cDai svegliati cochi che vai su in castello col nonno, dai che lui \u00e8 gi\u00e0 pronto, \u00e8 ,su svelta!\u201d.<br \/>\nQuel profumo mi \u00e8 entrato dentro , come quelle parole e quei gesti d\u2019amore. Ero una bambina felice in quei momenti, sentivo la serenit\u00e0 diffondersi in me come il profumo del brodo e del caff\u00e8 si diffondevano in tutta la casa\u2026 e diveniva pi\u00f9 intenso mano a mano che mi avvicinavo alla cucina, dove gli odori ,i profumi divenivano reali, intensi presagi di un pranzo felice fatto di cose buone , sempre le stesse , e di amore.<br \/>\nIl profumo di caff\u00e8 \u00e8 anche per me! la nonna prepara il caffelatte con la schiuma fatta di versa e riversa da un bicchiere all\u2019altro, il bicchiere lungo quello della cioccolata , quello del nonno\u2026<\/p>\n<p>Il brodo \u00e8 quasi pronto e il caff\u00e8 \u00e8 salito, in una domenica mattina in cui lo stesso amore emana il suo profumo in tutta la casa, nelle stanze dei miei figli che dormono ancora\u2026il profumo di cucina , di cibo che pervade le stanze dell\u2019amore di chi si cimenta ad inventarsi sapori antichi e nuovi per trasmettere il suo essere bambina, donna e madre a chi ha ancora sete e fame si quella stessa rassicurazione e serenit\u00e0.<br \/>\nBuon giorno mammina\u2026che bello che nella nostra casa c\u2019\u00e8 la tradizione di un buon pranzetto speciale la domenica! mi prepari il latte?<\/p>\n<div class=\"pvc_clear\"><\/div>\n<p id=\"pvc_stats_10120\" class=\"pvc_stats all  \" data-element-id=\"10120\" style=\"\"><i class=\"pvc-stats-icon medium\" aria-hidden=\"true\"><svg aria-hidden=\"true\" focusable=\"false\" data-prefix=\"far\" data-icon=\"chart-bar\" role=\"img\" xmlns=\"http:\/\/www.w3.org\/2000\/svg\" viewBox=\"0 0 512 512\" class=\"svg-inline--fa fa-chart-bar fa-w-16 fa-2x\"><path fill=\"currentColor\" d=\"M396.8 352h22.4c6.4 0 12.8-6.4 12.8-12.8V108.8c0-6.4-6.4-12.8-12.8-12.8h-22.4c-6.4 0-12.8 6.4-12.8 12.8v230.4c0 6.4 6.4 12.8 12.8 12.8zm-192 0h22.4c6.4 0 12.8-6.4 12.8-12.8V140.8c0-6.4-6.4-12.8-12.8-12.8h-22.4c-6.4 0-12.8 6.4-12.8 12.8v198.4c0 6.4 6.4 12.8 12.8 12.8zm96 0h22.4c6.4 0 12.8-6.4 12.8-12.8V204.8c0-6.4-6.4-12.8-12.8-12.8h-22.4c-6.4 0-12.8 6.4-12.8 12.8v134.4c0 6.4 6.4 12.8 12.8 12.8zM496 400H48V80c0-8.84-7.16-16-16-16H16C7.16 64 0 71.16 0 80v336c0 17.67 14.33 32 32 32h464c8.84 0 16-7.16 16-16v-16c0-8.84-7.16-16-16-16zm-387.2-48h22.4c6.4 0 12.8-6.4 12.8-12.8v-70.4c0-6.4-6.4-12.8-12.8-12.8h-22.4c-6.4 0-12.8 6.4-12.8 12.8v70.4c0 6.4 6.4 12.8 12.8 12.8z\" class=\"\"><\/path><\/svg><\/i> <img loading=\"lazy\" decoding=\"async\" width=\"16\" height=\"16\" alt=\"Loading\" src=\"https:\/\/www.raccontinellarete.it\/301\/wp-content\/plugins\/page-views-count\/ajax-loader-2x.gif\" border=0 \/><\/p>\n<div class=\"pvc_clear\"><\/div>\n","protected":false},"excerpt":{"rendered":"<p>L\u2019odore della casa dei nonni . L\u2019odore del brodo di carne e del caff\u00e8 la mattina appena sveglia, le voci della mamma e della nonna che chiacchierano. Tutto ci\u00f2 mi dava una sensazione rassicurante quasi che il mio passato e il mio presente si unissero tra loro dandomi la certezza di un futuro tranquillo, sicuro. [&hellip;]<\/p>\n<div class=\"pvc_clear\"><\/div>\n<p id=\"pvc_stats_10120\" class=\"pvc_stats all  \" data-element-id=\"10120\" style=\"\"><i class=\"pvc-stats-icon medium\" aria-hidden=\"true\"><svg aria-hidden=\"true\" focusable=\"false\" data-prefix=\"far\" data-icon=\"chart-bar\" role=\"img\" xmlns=\"http:\/\/www.w3.org\/2000\/svg\" viewBox=\"0 0 512 512\" class=\"svg-inline--fa fa-chart-bar fa-w-16 fa-2x\"><path fill=\"currentColor\" d=\"M396.8 352h22.4c6.4 0 12.8-6.4 12.8-12.8V108.8c0-6.4-6.4-12.8-12.8-12.8h-22.4c-6.4 0-12.8 6.4-12.8 12.8v230.4c0 6.4 6.4 12.8 12.8 12.8zm-192 0h22.4c6.4 0 12.8-6.4 12.8-12.8V140.8c0-6.4-6.4-12.8-12.8-12.8h-22.4c-6.4 0-12.8 6.4-12.8 12.8v198.4c0 6.4 6.4 12.8 12.8 12.8zm96 0h22.4c6.4 0 12.8-6.4 12.8-12.8V204.8c0-6.4-6.4-12.8-12.8-12.8h-22.4c-6.4 0-12.8 6.4-12.8 12.8v134.4c0 6.4 6.4 12.8 12.8 12.8zM496 400H48V80c0-8.84-7.16-16-16-16H16C7.16 64 0 71.16 0 80v336c0 17.67 14.33 32 32 32h464c8.84 0 16-7.16 16-16v-16c0-8.84-7.16-16-16-16zm-387.2-48h22.4c6.4 0 12.8-6.4 12.8-12.8v-70.4c0-6.4-6.4-12.8-12.8-12.8h-22.4c-6.4 0-12.8 6.4-12.8 12.8v70.4c0 6.4 6.4 12.8 12.8 12.8z\" class=\"\"><\/path><\/svg><\/i> <img loading=\"lazy\" decoding=\"async\" width=\"16\" height=\"16\" alt=\"Loading\" src=\"https:\/\/www.raccontinellarete.it\/301\/wp-content\/plugins\/page-views-count\/ajax-loader-2x.gif\" border=0 \/><\/p>\n<div class=\"pvc_clear\"><\/div>\n","protected":false},"author":2808,"featured_media":0,"comment_status":"open","ping_status":"closed","sticky":false,"template":"","format":"standard","meta":{"footnotes":""},"categories":[35],"tags":[],"class_list":["post-10120","post","type-post","status-publish","format-standard","hentry","category-premio-racconti-per-corti-2012"],"_links":{"self":[{"href":"https:\/\/www.raccontinellarete.it\/index.php?rest_route=\/wp\/v2\/posts\/10120"}],"collection":[{"href":"https:\/\/www.raccontinellarete.it\/index.php?rest_route=\/wp\/v2\/posts"}],"about":[{"href":"https:\/\/www.raccontinellarete.it\/index.php?rest_route=\/wp\/v2\/types\/post"}],"author":[{"embeddable":true,"href":"https:\/\/www.raccontinellarete.it\/index.php?rest_route=\/wp\/v2\/users\/2808"}],"replies":[{"embeddable":true,"href":"https:\/\/www.raccontinellarete.it\/index.php?rest_route=%2Fwp%2Fv2%2Fcomments&post=10120"}],"version-history":[{"count":6,"href":"https:\/\/www.raccontinellarete.it\/index.php?rest_route=\/wp\/v2\/posts\/10120\/revisions"}],"predecessor-version":[{"id":11014,"href":"https:\/\/www.raccontinellarete.it\/index.php?rest_route=\/wp\/v2\/posts\/10120\/revisions\/11014"}],"wp:attachment":[{"href":"https:\/\/www.raccontinellarete.it\/index.php?rest_route=%2Fwp%2Fv2%2Fmedia&parent=10120"}],"wp:term":[{"taxonomy":"category","embeddable":true,"href":"https:\/\/www.raccontinellarete.it\/index.php?rest_route=%2Fwp%2Fv2%2Fcategories&post=10120"},{"taxonomy":"post_tag","embeddable":true,"href":"https:\/\/www.raccontinellarete.it\/index.php?rest_route=%2Fwp%2Fv2%2Ftags&post=10120"}],"curies":[{"name":"wp","href":"https:\/\/api.w.org\/{rel}","templated":true}]}}